{"id":146529,"date":"2022-04-28T12:15:35","date_gmt":"2022-04-28T16:15:35","guid":{"rendered":"https:\/\/linitiative.ca\/International\/covid-19-prorogation-de-letat-durgence-sanitaire-jusquau-31-mai-2022\/"},"modified":"2022-04-28T12:15:35","modified_gmt":"2022-04-28T16:15:35","slug":"covid-19-prorogation-de-letat-durgence-sanitaire-jusquau-31-mai-2022","status":"publish","type":"post","link":"https:\/\/linitiative.ca\/International\/covid-19-prorogation-de-letat-durgence-sanitaire-jusquau-31-mai-2022\/","title":{"rendered":"Covid-19: Prorogation de l\u2019\u00e9tat d\u2019urgence sanitaire jusqu\u2019au 31 mai 2022"},"content":{"rendered":"<div>\n<div style=\"margin-bottom:20px;\"><img loading=\"lazy\" decoding=\"async\" width=\"750\" height=\"430\" src=\"https:\/\/linitiative.ca\/International\/wp-content\/uploads\/sites\/23\/2022\/04\/Conseil-de-Gouvernement-gouvernement-750C397430-MAP.jpg\" class=\"attachment-post-thumbnail size-post-thumbnail wp-post-image\" alt=\"\" srcset=\"https:\/\/linitiative.ca\/International\/wp-content\/uploads\/sites\/23\/2022\/04\/Conseil-de-Gouvernement-gouvernement-750C397430-MAP.jpg 750w, https:\/\/www.mapoujda.ma\/map\/uploads\/2022\/04\/Conseil-de-Gouvernement-gouvernement-750\u00d7430-MAP-300x172.jpg 300w\" sizes=\"auto, (max-width: 750px) 100vw, 750px\"><\/div>\n<p style=\"text-align: justify;\">Le Conseil de gouvernement, r\u00e9uni jeudi, a d\u00e9cid\u00e9 de proroger la dur\u00e9e d\u2019effet de l\u2019\u00e9tat d\u2019urgence sanitaire sur l\u2019ensemble du territoire national jusqu\u2019au 31 mai 2022, pour continuer \u00e0 assurer l\u2019efficacit\u00e9 et l\u2019efficience des mesures prises par les autorit\u00e9s publiques afin de lutter contre la propagation de la pand\u00e9mie de Covid-19.<\/p>\n<p style=\"text-align: justify;\">Le conseil de gouvernement a ainsi adopt\u00e9 le projet de d\u00e9cret n\u00b0 2.22.311 portant prorogation de la dur\u00e9e d\u2019effet de l\u2019\u00e9tat d\u2019urgence sanitaire sur l\u2019ensemble du territoire national, pr\u00e9sent\u00e9 par le ministre de l\u2019Int\u00e9rieur, Abdelouafi Laftit, a indiqu\u00e9 le ministre d\u00e9l\u00e9gu\u00e9 charg\u00e9 des Relations avec le Parlement, porte-parole du gouvernement, Mustapha Baitas lors d\u2019un point de presse \u00e0 l\u2019issue de ce conseil.<\/p>\n<p style=\"text-align: justify;\">Ce projet vise \u00e0 proroger la dur\u00e9e d\u2019effet de l\u2019\u00e9tat d\u2019urgence sanitaire sur l\u2019ensemble du territoire national, du samedi 30 avril 2022 \u00e0 partir de 18h jusqu\u2019au mardi 31 mai 2022 \u00e0 18h, a pr\u00e9cis\u00e9 le ministre.<\/p>\n<p>L\u2019article <a rel=\"nofollow\" href=\"https:\/\/www.mapoujda.ma\/fr\/covid19-prorogation-de-letat-durgence-sanitaire-jusquau-31-mai-2022\/\">Covid-19: Prorogation de l\u2019\u00e9tat d\u2019urgence sanitaire jusqu\u2019au 31 mai 2022<\/a> est apparu en premier sur <a rel=\"nofollow\" href=\"https:\/\/www.mapoujda.ma\/fr\">MapOujda<\/a>.<\/p>\n<\/div>\n<p>Auteur: Soufiane ELAHMAR<br \/>\n<a href=\"https:\/\/www.mapoujda.ma\/fr\/covid19-prorogation-de-letat-durgence-sanitaire-jusquau-31-mai-2022\/\">Cliquez ici pour lire l&rsquo;article depuis sa source.<\/a><\/p>\n","protected":false},"excerpt":{"rendered":"<p>Le Conseil de gouvernement, r\u00e9uni jeudi, a d\u00e9cid\u00e9 de proroger la dur\u00e9e d\u2019effet de l\u2019\u00e9tat d\u2019urgence sanitaire sur l\u2019ensemble du territoire national jusqu\u2019au 31 mai 2022, pour continuer \u00e0 assurer l\u2019efficacit\u00e9 et l\u2019efficience des mesures prises par les autorit\u00e9s publiques afin de lutter contre la propagation de la pand\u00e9mie de Covid-19. Le conseil de gouvernement [&hellip;]<\/p>\n","protected":false},"author":1788,"featured_media":0,"comment_status":"closed","ping_status":"closed","sticky":false,"template":"","format":"standard","meta":{"fifu_image_url":"https:\/\/www.mapoujda.ma\/map\/uploads\/2022\/04\/Conseil-de-Gouvernement-gouvernement-750\u00d7430-MAP.jpg","fifu_image_alt":"Covid-19: Prorogation de l\u2019\u00e9tat d\u2019urgence sanitaire jusqu\u2019au 31 mai 2022","footnotes":""},"categories":[54,76],"tags":[],"class_list":["post-146529","post","type-post","status-publish","format-standard","hentry","category-maroc","category-regions"],"_links":{"self":[{"href":"https:\/\/linitiative.ca\/International\/wp-json\/wp\/v2\/posts\/146529","targetHints":{"allow":["GET"]}}],"collection":[{"href":"https:\/\/linitiative.ca\/International\/wp-json\/wp\/v2\/posts"}],"about":[{"href":"https:\/\/linitiative.ca\/International\/wp-json\/wp\/v2\/types\/post"}],"author":[{"embeddable":true,"href":"https:\/\/linitiative.ca\/International\/wp-json\/wp\/v2\/users\/1788"}],"replies":[{"embeddable":true,"href":"https:\/\/linitiative.ca\/International\/wp-json\/wp\/v2\/comments?post=146529"}],"version-history":[{"count":0,"href":"https:\/\/linitiative.ca\/International\/wp-json\/wp\/v2\/posts\/146529\/revisions"}],"wp:attachment":[{"href":"https:\/\/linitiative.ca\/International\/wp-json\/wp\/v2\/media?parent=146529"}],"wp:term":[{"taxonomy":"category","embeddable":true,"href":"https:\/\/linitiative.ca\/International\/wp-json\/wp\/v2\/categories?post=146529"},{"taxonomy":"post_tag","embeddable":true,"href":"https:\/\/linitiative.ca\/International\/wp-json\/wp\/v2\/tags?post=146529"}],"curies":[{"name":"wp","href":"https:\/\/api.w.org\/{rel}","templated":true}]}}