{"id":146532,"date":"2022-04-27T16:00:00","date_gmt":"2022-04-27T20:00:00","guid":{"rendered":"https:\/\/linitiative.ca\/International\/la-faf-repond-dans-un-long-communique-a-la-federation-camerounaise\/"},"modified":"2022-04-27T16:00:00","modified_gmt":"2022-04-27T20:00:00","slug":"la-faf-repond-dans-un-long-communique-a-la-federation-camerounaise","status":"publish","type":"post","link":"https:\/\/linitiative.ca\/International\/la-faf-repond-dans-un-long-communique-a-la-federation-camerounaise\/","title":{"rendered":"La FAF r\u00e9pond dans un long communiqu\u00e9 \u00e0 la f\u00e9d\u00e9ration camerounaise"},"content":{"rendered":"<div>Dans un communiqu\u00e9 publi\u00e9 hier, la F\u00e9d\u00e9ration Camerounaise, la FECAFOOT, a r\u00e9pondu aux propos de Djamel Belmadi<\/div>\n<p>Auteur:<br \/>\n<a href=\"https:\/\/www.lebuteur.com\/article\/detail?titre=la-faf-repond-dans-un-long-communique-a-la-federation-camerounaise&#038;id=102789\">Cliquez ici pour lire l&rsquo;article depuis sa source.<\/a><\/p>\n","protected":false},"excerpt":{"rendered":"<p>Dans un communiqu\u00e9 publi\u00e9 hier, la F\u00e9d\u00e9ration Camerounaise, la FECAFOOT, a r\u00e9pondu aux propos de Djamel Belmadi Auteur: Cliquez ici pour lire l&rsquo;article depuis sa source.<\/p>\n","protected":false},"author":1738,"featured_media":0,"comment_status":"closed","ping_status":"closed","sticky":false,"template":"","format":"standard","meta":{"fifu_image_url":"","fifu_image_alt":"","footnotes":""},"categories":[53,75],"tags":[],"class_list":["post-146532","post","type-post","status-publish","format-standard","hentry","category-algerie","category-sport"],"_links":{"self":[{"href":"https:\/\/linitiative.ca\/International\/wp-json\/wp\/v2\/posts\/146532","targetHints":{"allow":["GET"]}}],"collection":[{"href":"https:\/\/linitiative.ca\/International\/wp-json\/wp\/v2\/posts"}],"about":[{"href":"https:\/\/linitiative.ca\/International\/wp-json\/wp\/v2\/types\/post"}],"author":[{"embeddable":true,"href":"https:\/\/linitiative.ca\/International\/wp-json\/wp\/v2\/users\/1738"}],"replies":[{"embeddable":true,"href":"https:\/\/linitiative.ca\/International\/wp-json\/wp\/v2\/comments?post=146532"}],"version-history":[{"count":0,"href":"https:\/\/linitiative.ca\/International\/wp-json\/wp\/v2\/posts\/146532\/revisions"}],"wp:attachment":[{"href":"https:\/\/linitiative.ca\/International\/wp-json\/wp\/v2\/media?parent=146532"}],"wp:term":[{"taxonomy":"category","embeddable":true,"href":"https:\/\/linitiative.ca\/International\/wp-json\/wp\/v2\/categories?post=146532"},{"taxonomy":"post_tag","embeddable":true,"href":"https:\/\/linitiative.ca\/International\/wp-json\/wp\/v2\/tags?post=146532"}],"curies":[{"name":"wp","href":"https:\/\/api.w.org\/{rel}","templated":true}]}}