{"id":146552,"date":"2022-04-28T16:14:09","date_gmt":"2022-04-28T20:14:09","guid":{"rendered":"https:\/\/linitiative.ca\/International\/hausse-des-prix-du-carburant-soutien-supplementaire-exceptionnel-aux-professionnels-du-transport-routier\/"},"modified":"2022-04-28T16:14:09","modified_gmt":"2022-04-28T20:14:09","slug":"hausse-des-prix-du-carburant-soutien-supplementaire-exceptionnel-aux-professionnels-du-transport-routier","status":"publish","type":"post","link":"https:\/\/linitiative.ca\/International\/hausse-des-prix-du-carburant-soutien-supplementaire-exceptionnel-aux-professionnels-du-transport-routier\/","title":{"rendered":"Hausse des prix du carburant: soutien suppl\u00e9mentaire exceptionnel aux professionnels du transport routier"},"content":{"rendered":"<div><img decoding=\"async\" width=\"800\" height=\"512\" src=\"https:\/\/linitiative.ca\/International\/wp-content\/uploads\/sites\/23\/2022\/04\/Transport-routier.jpg\" class=\"attachment-post-thumbnail size-post-thumbnail wp-post-image\" alt=\"\" loading=\"lazy\" srcset=\"https:\/\/linitiative.ca\/International\/wp-content\/uploads\/sites\/23\/2022\/04\/Transport-routier.jpg 800w, https:\/\/www.challenge.ma\/wp-content\/uploads\/2019\/11\/Transport-routier-300x192.jpg 300w, https:\/\/www.challenge.ma\/wp-content\/uploads\/2019\/11\/Transport-routier-768x492.jpg 768w, https:\/\/www.challenge.ma\/wp-content\/uploads\/2019\/11\/Transport-routier-360x230.jpg 360w, https:\/\/www.challenge.ma\/wp-content\/uploads\/2019\/11\/Transport-routier-750x480.jpg 750w\" sizes=\"auto, (max-width: 800px) 100vw, 800px\" itemprop=\"image\">Le gouvernement allouera un soutien exceptionnel suppl\u00e9mentaire aux professionnels du transport routier, pour faire face \u00e0 la hausse des prix du carburant, a annonc\u00e9, jeudi \u00e0 Rabat, le ministre d\u00e9l\u00e9gu\u00e9 charg\u00e9 des Relations avec le Parlement, porte-parole du gouvernement, Mustapha Baitas. Un soutien suppl\u00e9mentaire sera accord\u00e9 aux professionnels du transport<\/div>\n<p>Auteur: Mehdi Ouazzani<br \/>\n<a href=\"https:\/\/www.challenge.ma\/hausse-des-prix-du-carburant-soutien-supplementaire-exceptionnel-aux-professionnels-du-transport-routier-237706\/\">Cliquez ici pour lire l&rsquo;article depuis sa source.<\/a><\/p>\n","protected":false},"excerpt":{"rendered":"<p>Le gouvernement allouera un soutien exceptionnel suppl\u00e9mentaire aux professionnels du transport routier, pour faire face \u00e0 la hausse des prix du carburant, a annonc\u00e9, jeudi \u00e0 Rabat, le ministre d\u00e9l\u00e9gu\u00e9 charg\u00e9 des Relations avec le Parlement, porte-parole du gouvernement, Mustapha Baitas. Un soutien suppl\u00e9mentaire sera accord\u00e9 aux professionnels du transport Auteur: Mehdi Ouazzani Cliquez ici [&hellip;]<\/p>\n","protected":false},"author":1787,"featured_media":0,"comment_status":"closed","ping_status":"closed","sticky":false,"template":"","format":"standard","meta":{"fifu_image_url":"https:\/\/www.challenge.ma\/wp-content\/uploads\/2019\/11\/Transport-routier.jpg","fifu_image_alt":"Hausse des prix du carburant: soutien suppl\u00e9mentaire exceptionnel aux professionnels du transport routier","footnotes":""},"categories":[78,54],"tags":[],"class_list":["post-146552","post","type-post","status-publish","format-standard","hentry","category-economie","category-maroc"],"_links":{"self":[{"href":"https:\/\/linitiative.ca\/International\/wp-json\/wp\/v2\/posts\/146552","targetHints":{"allow":["GET"]}}],"collection":[{"href":"https:\/\/linitiative.ca\/International\/wp-json\/wp\/v2\/posts"}],"about":[{"href":"https:\/\/linitiative.ca\/International\/wp-json\/wp\/v2\/types\/post"}],"author":[{"embeddable":true,"href":"https:\/\/linitiative.ca\/International\/wp-json\/wp\/v2\/users\/1787"}],"replies":[{"embeddable":true,"href":"https:\/\/linitiative.ca\/International\/wp-json\/wp\/v2\/comments?post=146552"}],"version-history":[{"count":0,"href":"https:\/\/linitiative.ca\/International\/wp-json\/wp\/v2\/posts\/146552\/revisions"}],"wp:attachment":[{"href":"https:\/\/linitiative.ca\/International\/wp-json\/wp\/v2\/media?parent=146552"}],"wp:term":[{"taxonomy":"category","embeddable":true,"href":"https:\/\/linitiative.ca\/International\/wp-json\/wp\/v2\/categories?post=146552"},{"taxonomy":"post_tag","embeddable":true,"href":"https:\/\/linitiative.ca\/International\/wp-json\/wp\/v2\/tags?post=146552"}],"curies":[{"name":"wp","href":"https:\/\/api.w.org\/{rel}","templated":true}]}}