{"id":146558,"date":"2022-04-28T17:13:06","date_gmt":"2022-04-28T21:13:06","guid":{"rendered":"https:\/\/linitiative.ca\/International\/remaniement-ministeriel-imminent-la-tunisie-livree-a-une-guerre-des-clans\/"},"modified":"2022-04-28T17:13:06","modified_gmt":"2022-04-28T21:13:06","slug":"remaniement-ministeriel-imminent-la-tunisie-livree-a-une-guerre-des-clans","status":"publish","type":"post","link":"https:\/\/linitiative.ca\/International\/remaniement-ministeriel-imminent-la-tunisie-livree-a-une-guerre-des-clans\/","title":{"rendered":"Remaniement minist\u00e9riel imminent\u00a0: La Tunisie livr\u00e9e \u00e0 une guerre des clans"},"content":{"rendered":"<div>\n<p>Cela fait quelques semaines, d\u00e9j\u00e0, que le bruit court qu\u2019un remaniement minist\u00e9riel \u00e9tait imminent, \u00e0 cause des nombreuses insuffisances de plusieurs ministres, et que le pr\u00e9sident \u00e9tait dans l\u2019embarras pour nommer les successeurs, vu qu\u2019il exige que ce soient des comp\u00e9tences, mais qui n\u2019ont aucun pass\u00e9 politique et aucune attache. Ces h\u00e9sitations du palais ont [\u2026]<\/p>\n<p>L\u2019article <a href=\"https:\/\/www.tunisienumerique.com\/remaniement-ministeriel-imminent-la-tunisie-livree-a-une-guerre-des-clans\/\">Remaniement minist\u00e9riel imminent\u00a0: La Tunisie livr\u00e9e \u00e0 une guerre des clans<\/a> est apparu en premier sur <a href=\"https:\/\/www.tunisienumerique.com\/\">Tunisie<\/a>.<\/p>\n<\/div>\n<p>Auteur: LM<br \/>\n<a href=\"https:\/\/www.tunisienumerique.com\/remaniement-ministeriel-imminent-la-tunisie-livree-a-une-guerre-des-clans\/\">Cliquez ici pour lire l&rsquo;article depuis sa source.<\/a><\/p>\n","protected":false},"excerpt":{"rendered":"<p>Cela fait quelques semaines, d\u00e9j\u00e0, que le bruit court qu\u2019un remaniement minist\u00e9riel \u00e9tait imminent, \u00e0 cause des nombreuses insuffisances de plusieurs ministres, et que le pr\u00e9sident \u00e9tait dans l\u2019embarras pour nommer les successeurs, vu qu\u2019il exige que ce soient des comp\u00e9tences, mais qui n\u2019ont aucun pass\u00e9 politique et aucune attache. Ces h\u00e9sitations du palais ont [&hellip;]<\/p>\n","protected":false},"author":1789,"featured_media":0,"comment_status":"closed","ping_status":"closed","sticky":false,"template":"","format":"standard","meta":{"fifu_image_url":"","fifu_image_alt":"","footnotes":""},"categories":[73,55],"tags":[],"class_list":["post-146558","post","type-post","status-publish","format-standard","hentry","category-actualite","category-tunisie"],"_links":{"self":[{"href":"https:\/\/linitiative.ca\/International\/wp-json\/wp\/v2\/posts\/146558","targetHints":{"allow":["GET"]}}],"collection":[{"href":"https:\/\/linitiative.ca\/International\/wp-json\/wp\/v2\/posts"}],"about":[{"href":"https:\/\/linitiative.ca\/International\/wp-json\/wp\/v2\/types\/post"}],"author":[{"embeddable":true,"href":"https:\/\/linitiative.ca\/International\/wp-json\/wp\/v2\/users\/1789"}],"replies":[{"embeddable":true,"href":"https:\/\/linitiative.ca\/International\/wp-json\/wp\/v2\/comments?post=146558"}],"version-history":[{"count":0,"href":"https:\/\/linitiative.ca\/International\/wp-json\/wp\/v2\/posts\/146558\/revisions"}],"wp:attachment":[{"href":"https:\/\/linitiative.ca\/International\/wp-json\/wp\/v2\/media?parent=146558"}],"wp:term":[{"taxonomy":"category","embeddable":true,"href":"https:\/\/linitiative.ca\/International\/wp-json\/wp\/v2\/categories?post=146558"},{"taxonomy":"post_tag","embeddable":true,"href":"https:\/\/linitiative.ca\/International\/wp-json\/wp\/v2\/tags?post=146558"}],"curies":[{"name":"wp","href":"https:\/\/api.w.org\/{rel}","templated":true}]}}