{"id":14656,"date":"2019-02-16T08:00:42","date_gmt":"2019-02-16T13:00:42","guid":{"rendered":"https:\/\/linitiative.ca\/International\/semaine-nationale-de-lartisanat-vibrant-hommage-a-plusieurs-artisans-issus-des-differentes-regions-du-maroc\/"},"modified":"2019-02-16T08:00:42","modified_gmt":"2019-02-16T13:00:42","slug":"semaine-nationale-de-lartisanat-vibrant-hommage-a-plusieurs-artisans-issus-des-differentes-regions-du-maroc","status":"publish","type":"post","link":"https:\/\/linitiative.ca\/International\/semaine-nationale-de-lartisanat-vibrant-hommage-a-plusieurs-artisans-issus-des-differentes-regions-du-maroc\/","title":{"rendered":"Semaine nationale de l\u2019artisanat : Vibrant hommage \u00e0 plusieurs artisans issus des diff\u00e9rentes r\u00e9gions du Maroc"},"content":{"rendered":"<div readability=\"39\">\n<p>Marrakech, 16\/02\/2019 (MAP), Un vibrant hommage a \u00e9t\u00e9 rendu vendredi soir, \u00e0 Marrakech, \u00e0 plusieurs artisans issus des diff\u00e9rentes r\u00e9gions du Maroc en reconnaissance de leurs efforts consentis en faveur de la sauvegarde et de la promotion du patrimoine culturel et immat\u00e9riel dans les m\u00e9tiers relatifs \u00e0 l\u2019artisanat.<\/p>\n<\/div>\n<div readability=\"106\">\n<p>Lors de cette c\u00e9r\u00e9monie tenue en pr\u00e9sence du ministre du Tourisme, du Transport a\u00e9rien, de l\u2019Artisanat et de l\u2019\u00c9conomie sociale, Mohamed Sajid en marge de la 5\u00e8 \u00e9dition de la Semaine nationale de l\u2019artisanat (09-17 f\u00e9vrier), un hommage a \u00e9t\u00e9 rendu \u00e0 08 artisans repr\u00e9sentant diff\u00e9rentes r\u00e9gions du Maroc en reconnaissance de leurs efforts en faveur de la sauvegarde d\u2019un savoir-faire ancestral et riche.<\/p>\n<p>Cet hommage vise \u00e0 mettre en exergue les talents et savoir-faire de ces 08 artisans issus des villes de F\u00e8s, Marrakech, Essaouira, El Jadida, Casablanca et Bzou qui sont parvenus \u00e0 sauvegarder des techniques artisanales ancestrales dans les m\u00e9tiers de la cordonnerie, la joaillerie, la couture, les produits bio, la tapisserie, les produits du cuir, de cuivre et du textile.<\/p>\n<p>Dans une allocution de circonstance, M. Sajid a soulign\u00e9 que cette c\u00e9r\u00e9monie constitue une occasion pour rendre hommage aux artisans, hommes et femmes, d\u00e9tenteurs d\u2019un savoir-faire ancestral et gardiens d\u2019un h\u00e9ritage patrimonial unique dans un secteur, qui emploie au Maroc pr\u00e8s de 2,3 millions d\u2019habitants, soit pr\u00e8s de 20% de la population active et contribue \u00e0 hauteur de 7 \u00e0 8 % dans le Produit national brut (PIB).<\/p>\n<p>M.Sajid a indiqu\u00e9 que les exportations du secteur de l\u2019artisanat enregistrent une tendance haussi\u00e8re depuis 2014, relevant que ces r\u00e9sultats traduisent la Haute sollicitude dont SM le Roi Mohammed VI ne cesse d\u2019entourer le secteur de l\u2019artisanat.<\/p>\n<p>Plac\u00e9e sous le Haut Patronage de SM le Roi Mohammed VI et organis\u00e9e par le minist\u00e8re du Tourisme, du Transport a\u00e9rien, de l\u2019Artisanat et de l\u2019Economie sociale en partenariat avec la Maison de l\u2019Artisan, la Semaine Nationale de l\u2019Artisanat est un \u00e9v\u00e9nement phare, qui offre l\u2019occasion de mettre en valeur l\u2019apport tr\u00e8s important du secteur de l\u2019artisanat au progr\u00e8s et au d\u00e9veloppement de l\u2019\u00e9conomie nationale, traduit par le renforcement de la coh\u00e9sion sociale, la cr\u00e9ation de richesse ainsi que l\u2019offre de nombreuses opportunit\u00e9s de carri\u00e8res et de perspectives professionnelles, ouvertes aux jeunes et aux moins jeunes mais aussi de rappeler sa contribution \u00e0 la qualit\u00e9 de vie et \u00e0 l\u2019art de vivre marocain.<\/p>\n<p>La surface d\u2019exposition (50.000 m2), am\u00e9nag\u00e9e \u00e0 l\u2019Esplanade Bab Jdid, est subdivis\u00e9e en 12 espaces distincts, centralis\u00e9s par des portes refl\u00e9tant les caract\u00e9ristiques culturelles et artisanales de chaque r\u00e9gion du Royaume. De plus, un espace de 600 m2 est d\u00e9di\u00e9 \u00e0 l\u2019artisanat de prestige.<\/p>\n<p>Les organisateurs pr\u00e9voient des carnavals ainsi que des d\u00e9fil\u00e9s de mode et des ateliers d\u00e9di\u00e9s aux enfants, mettant en sc\u00e8ne des artisans au travail.<\/p>\n<p>Parall\u00e8lement, la 5\u00e8me \u00e9dition propose une programmation riche et instructive, rythm\u00e9e notamment par la 8\u00e8me Rencontre sur la pr\u00e9servation des m\u00e9tiers de l\u2019Artisanat marocain, le 2\u00e8 colloque national th\u00e9matique : La fili\u00e8re bijouterie\/ joaillerie, la Journ\u00e9e Nationale sur les Exportations, les Cycles de formation en faveur des acteurs du secteur de l\u2019artisanat sur les diff\u00e9rentes techniques de commercialisation des produits, ainsi que des sessions de formation dans l\u2019Education financi\u00e8re au profit des Dours Assan\u00e2a.<\/p>\n<\/div>\n<p>Auteur: Meriem IGASS<br \/>\n<a href=\"http:\/\/www.mapmarrakech.ma\/fr\/semaine-nationale-de-lartisanat-vibrant-hommage-a-plusieurs-artisans-issus-des-differentes-regions-du-maroc\/\">Cliquez ici pour lire l&rsquo;article depuis sa source.<\/a><\/p>\n","protected":false},"excerpt":{"rendered":"<p>Marrakech, 16\/02\/2019 (MAP), Un vibrant hommage a \u00e9t\u00e9 rendu vendredi soir, \u00e0 Marrakech, \u00e0 plusieurs artisans issus des diff\u00e9rentes r\u00e9gions du Maroc en reconnaissance de leurs efforts consentis en faveur de la sauvegarde et de la promotion du patrimoine culturel et immat\u00e9riel dans les m\u00e9tiers relatifs \u00e0 l\u2019artisanat. Lors de cette c\u00e9r\u00e9monie tenue en pr\u00e9sence [&hellip;]<\/p>\n","protected":false},"author":1788,"featured_media":0,"comment_status":"closed","ping_status":"closed","sticky":false,"template":"","format":"standard","meta":{"fifu_image_url":"","fifu_image_alt":"","footnotes":""},"categories":[54,76],"tags":[],"class_list":["post-14656","post","type-post","status-publish","format-standard","hentry","category-maroc","category-regions"],"_links":{"self":[{"href":"https:\/\/linitiative.ca\/International\/wp-json\/wp\/v2\/posts\/14656","targetHints":{"allow":["GET"]}}],"collection":[{"href":"https:\/\/linitiative.ca\/International\/wp-json\/wp\/v2\/posts"}],"about":[{"href":"https:\/\/linitiative.ca\/International\/wp-json\/wp\/v2\/types\/post"}],"author":[{"embeddable":true,"href":"https:\/\/linitiative.ca\/International\/wp-json\/wp\/v2\/users\/1788"}],"replies":[{"embeddable":true,"href":"https:\/\/linitiative.ca\/International\/wp-json\/wp\/v2\/comments?post=14656"}],"version-history":[{"count":0,"href":"https:\/\/linitiative.ca\/International\/wp-json\/wp\/v2\/posts\/14656\/revisions"}],"wp:attachment":[{"href":"https:\/\/linitiative.ca\/International\/wp-json\/wp\/v2\/media?parent=14656"}],"wp:term":[{"taxonomy":"category","embeddable":true,"href":"https:\/\/linitiative.ca\/International\/wp-json\/wp\/v2\/categories?post=14656"},{"taxonomy":"post_tag","embeddable":true,"href":"https:\/\/linitiative.ca\/International\/wp-json\/wp\/v2\/tags?post=14656"}],"curies":[{"name":"wp","href":"https:\/\/api.w.org\/{rel}","templated":true}]}}