{"id":146569,"date":"2022-04-28T17:13:56","date_gmt":"2022-04-28T21:13:56","guid":{"rendered":"https:\/\/linitiative.ca\/International\/situation-nationale-des-ptf-prets-a-accompagner-la-transition\/"},"modified":"2022-04-28T17:13:56","modified_gmt":"2022-04-28T21:13:56","slug":"situation-nationale-des-ptf-prets-a-accompagner-la-transition","status":"publish","type":"post","link":"https:\/\/linitiative.ca\/International\/situation-nationale-des-ptf-prets-a-accompagner-la-transition\/","title":{"rendered":"Situation nationale : des PTF pr\u00eats \u00e0 accompagner la Transition"},"content":{"rendered":"<div>\n<p><strong>Les membres de la tro\u00efka ont \u00e9chang\u00e9 avec le gouvernement, dans l\u2019apr\u00e8s-midi du jeudi 28 avril 2022, \u00e0 la Primature \u00e0 Ouagadougou. Au cours de cette premi\u00e8re rencontre avec le gouvernement de la Transition, les Partenaires techniques et financiers (PTF) ont r\u00e9affirm\u00e9 leur volont\u00e9 \u00e0 soutenir la Transition \u00e0 relever les d\u00e9fis s\u00e9curitaire et humanitaire. <\/strong><\/p>\n<p>Apr\u00e8s des mois de suspension, en raison du coup d\u2019Etat, les \u00e9changes entre les Partenaires techniques et financiers (PTF) r\u00e9unis au sein de la tro\u00efka et les nouvelles autorit\u00e9s burkinab\u00e8 ont repris. Et la premi\u00e8re rencontre avec le Premier ministre a eu lieu, dans l\u2019apr\u00e8s-midi du jeudi 28 avril 2022, \u00e0 Ouagadougou.<\/p>\n<p>A l\u2019ordre du jour, la situation s\u00e9curitaire et la gestion de la crise humanitaire, la d\u00e9centralisation et le red\u00e9coupage du territoire, la s\u00e9curit\u00e9 alimentaire, l\u2019agenda de la Transition et son financement. \u00ab\u00a0La tenue de cette rencontre, dans le contexte actuel, rev\u00eat une importance singuli\u00e8re, car ces derni\u00e8res ann\u00e9es, la situation s\u00e9curitaire du Burkina Faso est assez critique\u00a0\u00bb, a indiqu\u00e9 le Premier ministre, Albert Ou\u00e9draogo. Il s\u2019est dit convaincu que le combat que m\u00e8ne son pays est aussi celui des PTF.<\/p>\n<p>C\u2019est-\u00e0-dire que les deux parties partagent les m\u00eames pr\u00e9occupations, en t\u00e9moignent les messages cl\u00e9s des PTF \u00e0 son adresse lors de leur rencontre avec le ministre en charge des finances, le 14 avril dernier. A l\u2019entendre, certains partenaires ont fait le choix de t\u00e9moigner leur solidarit\u00e9 au pays, en r\u00e9affirmant leur fraternit\u00e9 et leur accompagnement constant.<\/p>\n<p>\u00ab\u00a0Je note cependant avec regret que c\u2019est dans ce contexte extr\u00eamement difficile, que certains partenaires et amis de notre pays ont pris des mesures qui fragilisent nos efforts, ramant ainsi \u00e0 contre-courant des aspirations de notre peuple\u00a0\u00bb, a d\u00e9plor\u00e9 le chef du gouvernement. C\u2019est pourquoi, il a rappel\u00e9 que le Burkina Faso compte sur l\u2019appui et le soutien de ses amis et de ses PTF fid\u00e8les pour la qu\u00eate d\u2019une s\u00e9curit\u00e9 humaine et d\u2019un mieux-\u00eatre pour l\u2019ensemble des couches sociales.<\/p>\n<p>Pour la co-pr\u00e9sidente de la tro\u00efka, Esther Loeffen, par ailleurs, ambassadeur des Pays-Bas au Burkina Faso, ce cadre est une nouvelle opportunit\u00e9 d\u2019\u00e9changer sur les diff\u00e9rents sujets de d\u00e9veloppement. Elle a soutenu que les PTF sont pr\u00eats \u00e0 accompagner le gouvernement, mais, ils ont besoin d\u2019\u00e9changer pour s\u2019assurer davantage de leur accompagnement \u00bb, a d\u00e9clar\u00e9 Esther Loeffen. Une assurance qui rassure davantage le ministre en charge de l\u2019\u00e9conomie.<\/p>\n<p>\u00ab\u00a0Nous avons besoin de toutes les forces, par cons\u00e9quent, ce n\u2019est pas le moment pour les PTF d\u2019avoir des attitudes de r\u00e9serve. La contribution des PTF est la bienvenue\u00a0\u00bb, s\u2019est exprim\u00e9 le ministre en charge des finances, Abel Som\u00e9. A ce sujet, le Premier ministre, Albert Ou\u00e9draogo, a formul\u00e9 le v\u0153u ardent qu\u2019\u00e0 l\u2019issue de cette rencontre, les PTF s\u2019inscrivent dans une dynamique positive de maintien de leurs programmes et de leurs d\u00e9caissements, afin de ne pas cr\u00e9er des souffrances encore plus graves aux populations, d\u00e9j\u00e0 profond\u00e9ment meurtries par les multiples crises.<\/p>\n<p style=\"text-align: right\"><strong>Mariam OUEDRAOGO<\/strong><\/p>\n<p style=\"text-align: right\">mesmira14@gmail.com<\/p>\n<p>L\u2019article <a rel=\"nofollow\" href=\"https:\/\/www.sidwaya.info\/blog\/2022\/04\/28\/situation-nationale-des-ptf-prets-a-accompagner-la-transition\/\">Situation nationale : des PTF pr\u00eats \u00e0 accompagner la Transition<\/a> est apparu en premier sur <a rel=\"nofollow\" href=\"https:\/\/www.sidwaya.info\/\">Quotidien Sidwaya<\/a>.<\/p>\n<\/div>\n<p>Auteur: JK. Sidwaya<br \/>\n<a href=\"https:\/\/www.sidwaya.info\/blog\/2022\/04\/28\/situation-nationale-des-ptf-prets-a-accompagner-la-transition\/?utm_source=rss&#038;utm_medium=rss&#038;utm_campaign=situation-nationale-des-ptf-prets-a-accompagner-la-transition\">Cliquez ici pour lire l&rsquo;article depuis sa source.<\/a><\/p>\n","protected":false},"excerpt":{"rendered":"<p>Les membres de la tro\u00efka ont \u00e9chang\u00e9 avec le gouvernement, dans l\u2019apr\u00e8s-midi du jeudi 28 avril 2022, \u00e0 la Primature \u00e0 Ouagadougou. Au cours de cette premi\u00e8re rencontre avec le gouvernement de la Transition, les Partenaires techniques et financiers (PTF) ont r\u00e9affirm\u00e9 leur volont\u00e9 \u00e0 soutenir la Transition \u00e0 relever les d\u00e9fis s\u00e9curitaire et humanitaire. [&hellip;]<\/p>\n","protected":false},"author":1816,"featured_media":0,"comment_status":"closed","ping_status":"closed","sticky":false,"template":"","format":"standard","meta":{"fifu_image_url":"","fifu_image_alt":"","footnotes":""},"categories":[73,81],"tags":[],"class_list":["post-146569","post","type-post","status-publish","format-standard","hentry","category-actualite","category-burkina-faso"],"_links":{"self":[{"href":"https:\/\/linitiative.ca\/International\/wp-json\/wp\/v2\/posts\/146569","targetHints":{"allow":["GET"]}}],"collection":[{"href":"https:\/\/linitiative.ca\/International\/wp-json\/wp\/v2\/posts"}],"about":[{"href":"https:\/\/linitiative.ca\/International\/wp-json\/wp\/v2\/types\/post"}],"author":[{"embeddable":true,"href":"https:\/\/linitiative.ca\/International\/wp-json\/wp\/v2\/users\/1816"}],"replies":[{"embeddable":true,"href":"https:\/\/linitiative.ca\/International\/wp-json\/wp\/v2\/comments?post=146569"}],"version-history":[{"count":0,"href":"https:\/\/linitiative.ca\/International\/wp-json\/wp\/v2\/posts\/146569\/revisions"}],"wp:attachment":[{"href":"https:\/\/linitiative.ca\/International\/wp-json\/wp\/v2\/media?parent=146569"}],"wp:term":[{"taxonomy":"category","embeddable":true,"href":"https:\/\/linitiative.ca\/International\/wp-json\/wp\/v2\/categories?post=146569"},{"taxonomy":"post_tag","embeddable":true,"href":"https:\/\/linitiative.ca\/International\/wp-json\/wp\/v2\/tags?post=146569"}],"curies":[{"name":"wp","href":"https:\/\/api.w.org\/{rel}","templated":true}]}}