{"id":146570,"date":"2022-04-28T17:21:57","date_gmt":"2022-04-28T21:21:57","guid":{"rendered":"https:\/\/linitiative.ca\/International\/autonomisation-des-veuves-des-fds-un-centre-deducation-inaugure\/"},"modified":"2022-04-28T17:21:57","modified_gmt":"2022-04-28T21:21:57","slug":"autonomisation-des-veuves-des-fds-un-centre-deducation-inaugure","status":"publish","type":"post","link":"https:\/\/linitiative.ca\/International\/autonomisation-des-veuves-des-fds-un-centre-deducation-inaugure\/","title":{"rendered":"Autonomisation des veuves des FDS : un centre d\u2019\u00e9ducation inaugur\u00e9"},"content":{"rendered":"<div>\n<p><strong>Le ministre d\u2019Etat, ministre de la D\u00e9fense et des Anciens combattants, le g\u00e9n\u00e9ral de brigade, Aim\u00e9 Barth\u00e9lemy Simpor\u00e9, a pr\u00e9sid\u00e9 l\u2019inauguration du centre d\u2019\u00e9ducation et de promotion sociale des arm\u00e9es et celui d\u2019accompagnement et de loisirs des militaires bless\u00e9s de guerre, le jeudi 28 avril 2022, \u00e0 Ouagadougou.<\/strong><\/p>\n<p>Avec le soutien de partenaires, le centre d\u2019\u00e9ducation et de promotion sociale des arm\u00e9es est fonctionnel. Son inauguration est intervenue dans la matin\u00e9e du jeudi 28 avril 2022, \u00e0 Ouagadougou, dans l\u2019enceinte du camp g\u00e9n\u00e9ral-Sangoul\u00e9- Lamizana, sous la pr\u00e9sidence du ministre d\u2019Etat, ministre de la D\u00e9fense et des Anciens combattants, le g\u00e9n\u00e9ral de brigade, Aim\u00e9 Barth\u00e9lemy Simpor\u00e9. Etaient \u00e9galement pr\u00e9sents le chef d\u2019\u00e9tat-major g\u00e9n\u00e9ral des arm\u00e9es, le colonel-major David Kabr\u00e9, des coop\u00e9rants militaires et bien d\u2019autres personnalit\u00e9s.<\/p>\n<p>Le centre d\u2019\u00e9ducation et de promotion sociale des arm\u00e9es a \u00e9t\u00e9 \u00e9quip\u00e9 et am\u00e9nag\u00e9 en collaboration avec l\u2019association Go Paga et ses partenaires afin de permettre aux veuves de militaires tomb\u00e9s au front d\u2019apprendre un m\u00e9tier comme la couture, la coiffure, la fabrication du savon et l\u2019art culinaire. Ceci dans l\u2019objectif de leur permettre d\u2019\u00eatre autonomes. Le directeur central de l\u2019action sociale des arm\u00e9es, le colonel-major, Remi Kambou, a indiqu\u00e9 que la r\u00e9habilitation et l\u2019\u00e9quipement du centre sont une r\u00e9ponse aux fl\u00e9aux inh\u00e9rents au terrorisme afin d\u2019offrir un cadre d\u2019\u00e9ducation et de formation aux familles de militaires et personnels civils du minist\u00e8re en charge de la d\u00e9fense avec un accent particulier sur les veuves.<\/p>\n<p>\u00ab Le centre d\u2019\u00e9ducation et de promotion sociale des arm\u00e9es que nous inaugurons aujourd\u2019hui est la r\u00e9alisation d\u2019un r\u00eave longtemps caress\u00e9 par les diff\u00e9rents directeurs centraux qui se sont succ\u00e9d\u00e9 \u00e0 la t\u00eate de la DCASA depuis 2014. Son inauguration ce jour est pour nous une victoire d\u2019\u00e9tape qui ouvre la voie pour d\u2019autres combats comme l\u2019atteinte des objectifs et sa p\u00e9rennit\u00e9 \u00bb, a d\u00e9clar\u00e9 le colonel-major Remi Kambou. A l\u2019entendre, le centre a \u00e9t\u00e9 r\u00e9alis\u00e9 en 2017 sur le budget des forces arm\u00e9es nationales \u00e0 hauteur de 116 millions F CFA. Il a pr\u00e9cis\u00e9 que les autres volets que sont l\u2019\u00e9quipement et le fonctionnement ont souffert de difficult\u00e9s budg\u00e9taires \u00e0 cause de la remobilisation des moyens vers la lutte contre le terrorisme.<\/p>\n<p>\u00ab C\u2019est gr\u00e2ce au projet de GO Paga pilot\u00e9 par Mme Kambou Fadima, \u00e0 travers son programme d\u2019autonomisation des veuves de militaires tomb\u00e9s sur le champ de combat contre le terrorisme, avec le soutien de ses partenaires techniques et financiers tels que le groupe Coris Bank, Afrika Distribution, le styliste et mod\u00e9liste, S\u00e9bastien Baz\u00e9mo, la Mutuelle des forces arm\u00e9es nationales (MUFAN), Yeleen Assurance et bien d\u2019autres que le centre a \u00e9t\u00e9 convenablement \u00e9quip\u00e9 \u00bb, a d\u00e9taill\u00e9 le directeur central de l\u2019action sociale des arm\u00e9es. Aux dires du colonel-major Remi Kambou, le centre offre actuellement une formation professionnelle aux veuves en couture, cuisine, saponification et coiffure pour une dur\u00e9e de six mois avec une phase d\u2019installation et de suivi d\u2019une dur\u00e9e de 18 mois.<\/p>\n<h3>Une symbolique de r\u00e9silience<\/h3>\n<figure id=\"attachment_48789\" aria-describedby=\"caption-attachment-48789\" style=\"width: 300px\" class=\"wp-caption alignleft\"><img loading=\"lazy\" decoding=\"async\" class=\"size-medium wp-image-48789\" src=\"https:\/\/linitiative.ca\/International\/wp-content\/uploads\/sites\/23\/2022\/04\/veuves2-300x163-1.gif\" alt=\"\" width=\"300\" height=\"163\" srcset=\"https:\/\/linitiative.ca\/International\/wp-content\/uploads\/sites\/23\/2022\/04\/veuves2-300x163-1.gif 300w, https:\/\/www.sidwaya.info\/wp-content\/uploads\/2022\/04\/veuves2-768x418.gif 768w, https:\/\/www.sidwaya.info\/wp-content\/uploads\/2022\/04\/veuves2-150x82.gif 150w, https:\/\/www.sidwaya.info\/wp-content\/uploads\/2022\/04\/veuves2-696x379.gif 696w, https:\/\/www.sidwaya.info\/wp-content\/uploads\/2022\/04\/veuves2-772x420.gif 772w\" sizes=\"auto, (max-width: 300px) 100vw, 300px\"><figcaption id=\"caption-attachment-48789\" class=\"wp-caption-text\">Les veuves de militaires tomb\u00e9s au front apprennent des m\u00e9tiers<br \/>dans le centre d\u2019\u00e9ducation et de promotion sociale des arm\u00e9es.<\/figcaption><\/figure>\n<p>\u00ab L\u2019id\u00e9e de regrouper les femmes de nos vaillants soldats autour d\u2019un centre de formation, dans l\u2019enceinte m\u00eame de l\u2019action sociale des arm\u00e9es r\u00e9pond au besoin de construire une symbolique forte de r\u00e9silience. C\u2019est un second foyer pour leur reconstruction et un message fort \u00e0 l\u2019endroit de nos vaillants soldats qui d\u00e9fendent jour et nuit l\u2019int\u00e9grit\u00e9 des terres ocres du Burkina \u00bb, a d\u00e9clar\u00e9 l\u2019initiatrice de GO Paga, Fadima Kambou. Elle a indiqu\u00e9 que sa structure envisage l\u2019ouverture d\u2019autres centres dans des localit\u00e9s comme Kaya, Koudougou, Bobo-Dioulasso et Ouahigouya.<\/p>\n<p>Elle a indiqu\u00e9 que 67 veuves sont pr\u00e9sentement en formation au centre et environ 20 enfants de 0 \u00e0 trois ans sont gard\u00e9s \u00e0 la cr\u00e8che. \u00ab Nous avons scolaris\u00e9 300 et donn\u00e9 des enveloppes financi\u00e8res \u00e0 ceux qui \u00e9taient dans des \u00e9coles priv\u00e9es. Nous avons octroy\u00e9 une assurance sant\u00e9 \u00e0 540 orphelins. Comme leurs mamans doivent venir au centre, nous avons mis la cr\u00e8che pour les tout-petits \u00bb, a-t-elle confi\u00e9. Par la suite, les autorit\u00e9s se sont d\u00e9port\u00e9es au centre d\u2019accompagnement et de loisirs des bless\u00e9s de guerre financ\u00e9 par la fondation Coris Bank et d\u2019autres partenaires \u00e0 hauteur de 18 millions F CFA.<\/p>\n<p>C\u2019est un cadre qui offre un moment de d\u00e9tente aux bless\u00e9s et une possibilit\u00e9 de formation. Le ministre en charge de la d\u00e9fense, le Gal de brigade, Aim\u00e9 Barth\u00e9lemy Simpor\u00e9, s\u2019est r\u00e9joui de ce qu\u2019il a pu voir dans le centre d\u2019\u00e9ducation et de promotion sociale des arm\u00e9es. \u00ab Ce que nous avons pu voir dans ce centre est extraordinaire. Ce sont des id\u00e9es qui ont \u00e9t\u00e9 concr\u00e9tis\u00e9es et qui permettent aux familles de soldats de b\u00e9n\u00e9ficier d\u2019un accompagnement pour leur promotion sociale. Ce centre montre \u00e0 quel point ceux qui ont conduit ce projet ont un grand c\u0153ur.<\/p>\n<p>Je remercie Mme Kambou, l\u2019association go paga, une dame au grand c\u0153ur et son mari, pour cette grande \u0153uvre qui va permettre \u00e0 la direction de l\u2019action sociale des arm\u00e9es de jouer pleinement son r\u00f4le dans toutes les dimensions sociales \u00bb, a-t-il soulign\u00e9. Le directeur g\u00e9n\u00e9ral de la fondation Coris Bank, Emmanuel Sawadogo, a dit sa satisfaction d\u2019avoir accompagn\u00e9 la mise en place de toute initiative en faveur des veuves de militaires et des bless\u00e9s de guerre.<\/p>\n<p style=\"text-align: right\"><strong>Karim BADOLO <\/strong><\/p>\n<p>L\u2019article <a rel=\"nofollow\" href=\"https:\/\/www.sidwaya.info\/blog\/2022\/04\/28\/autonomisation-des-veuves-des-fds-un-centre-deducation-inaugure\/\">Autonomisation des veuves des FDS : un centre d\u2019\u00e9ducation inaugur\u00e9<\/a> est apparu en premier sur <a rel=\"nofollow\" href=\"https:\/\/www.sidwaya.info\/\">Quotidien Sidwaya<\/a>.<\/p>\n<\/div>\n<p>Auteur: JK. Sidwaya<br \/>\n<a href=\"https:\/\/www.sidwaya.info\/blog\/2022\/04\/28\/autonomisation-des-veuves-des-fds-un-centre-deducation-inaugure\/?utm_source=rss&#038;utm_medium=rss&#038;utm_campaign=autonomisation-des-veuves-des-fds-un-centre-deducation-inaugure\">Cliquez ici pour lire l&rsquo;article depuis sa source.<\/a><\/p>\n","protected":false},"excerpt":{"rendered":"<p>Le ministre d\u2019Etat, ministre de la D\u00e9fense et des Anciens combattants, le g\u00e9n\u00e9ral de brigade, Aim\u00e9 Barth\u00e9lemy Simpor\u00e9, a pr\u00e9sid\u00e9 l\u2019inauguration du centre d\u2019\u00e9ducation et de promotion sociale des arm\u00e9es et celui d\u2019accompagnement et de loisirs des militaires bless\u00e9s de guerre, le jeudi 28 avril 2022, \u00e0 Ouagadougou. Avec le soutien de partenaires, le centre [&hellip;]<\/p>\n","protected":false},"author":1816,"featured_media":0,"comment_status":"closed","ping_status":"closed","sticky":false,"template":"","format":"standard","meta":{"fifu_image_url":"https:\/\/www.sidwaya.info\/wp-content\/uploads\/2022\/04\/veuves2-300x163.gif","fifu_image_alt":"Autonomisation des veuves des FDS : un centre d\u2019\u00e9ducation inaugur\u00e9","footnotes":""},"categories":[73,81],"tags":[],"class_list":["post-146570","post","type-post","status-publish","format-standard","hentry","category-actualite","category-burkina-faso"],"_links":{"self":[{"href":"https:\/\/linitiative.ca\/International\/wp-json\/wp\/v2\/posts\/146570","targetHints":{"allow":["GET"]}}],"collection":[{"href":"https:\/\/linitiative.ca\/International\/wp-json\/wp\/v2\/posts"}],"about":[{"href":"https:\/\/linitiative.ca\/International\/wp-json\/wp\/v2\/types\/post"}],"author":[{"embeddable":true,"href":"https:\/\/linitiative.ca\/International\/wp-json\/wp\/v2\/users\/1816"}],"replies":[{"embeddable":true,"href":"https:\/\/linitiative.ca\/International\/wp-json\/wp\/v2\/comments?post=146570"}],"version-history":[{"count":0,"href":"https:\/\/linitiative.ca\/International\/wp-json\/wp\/v2\/posts\/146570\/revisions"}],"wp:attachment":[{"href":"https:\/\/linitiative.ca\/International\/wp-json\/wp\/v2\/media?parent=146570"}],"wp:term":[{"taxonomy":"category","embeddable":true,"href":"https:\/\/linitiative.ca\/International\/wp-json\/wp\/v2\/categories?post=146570"},{"taxonomy":"post_tag","embeddable":true,"href":"https:\/\/linitiative.ca\/International\/wp-json\/wp\/v2\/tags?post=146570"}],"curies":[{"name":"wp","href":"https:\/\/api.w.org\/{rel}","templated":true}]}}