{"id":146573,"date":"2022-04-28T17:29:57","date_gmt":"2022-04-28T21:29:57","guid":{"rendered":"https:\/\/linitiative.ca\/International\/infrastructures-sportives-le-centre-medico-sportif-operationnel\/"},"modified":"2022-04-28T17:29:57","modified_gmt":"2022-04-28T21:29:57","slug":"infrastructures-sportives-le-centre-medico-sportif-operationnel","status":"publish","type":"post","link":"https:\/\/linitiative.ca\/International\/infrastructures-sportives-le-centre-medico-sportif-operationnel\/","title":{"rendered":"Infrastructures sportives: le centre m\u00e9dico sportif op\u00e9rationnel"},"content":{"rendered":"<div>\n<p><strong>Le ministre des Sports, de la Jeunesse et de l\u2019Emploi a inaugur\u00e9 le centre national m\u00e9dico-sportif, le jeudi 28 avril 2022 \u00e0 Ouagadougou. <\/strong><\/p>\n<p>Fonctionnel depuis le d\u00e9but de l\u2019ann\u00e9e, le centre national m\u00e9dico-sportif est officiellement ouvert au monde du sport depuis ce 28 avril 2022. \u00ab Nous faisons la promotion des activit\u00e9s physiques et sportives et nous prenons, \u00e9galement, en charge les personnes vivant avec un handicap ou tout autre maladie chronique afin de les orienter vers le type d\u2019activit\u00e9 physique qui leur convient \u00bb, a expliqu\u00e9 le directeur g\u00e9n\u00e9ral du centre, Dr Ibrahim S\u00e9r\u00e9.<\/p>\n<p>Structure de pr\u00e9vention et de prise en charge m\u00e9dicale, le Centre national m\u00e9dico-sportif (CNMS) a pour attribution le suivi m\u00e9dical des sportifs professionnels et amateurs, la d\u00e9livrance du certificat d\u2019aptitude, la mise \u00e0 jour du livret m\u00e9dical des sportifs, l\u2019encadrement m\u00e9dical des manifestations sportives, l\u2019accompagnement des f\u00e9d\u00e9rations sportives pour la mise en place de commissions m\u00e9dicales fonctionnelles, la sensibilisa-tion des pratiquants sur le mode de vie d\u2019un sportif et la r\u00e9alisation des tests anti-dopage. Pour ce faire, le CNMS est compos\u00e9 de deux d\u00e9partements.<\/p>\n<p>Celui m\u00e9dical ax\u00e9 sur la pr\u00e9vention des blessures, le suivi m\u00e9dical des activit\u00e9s sportives et la prise en charge des sportifs. Le second d\u00e9partement est, quant \u00e0 lui, charg\u00e9 de la lutte contre le dopage. L\u2019infrastructure qui a cout\u00e9 plus de 161 millions de FCFA \u00e0 l\u2019Etat burkinab\u00e8 abrite des salles de consultation, un plateau de kin\u00e9sith\u00e9rapie, une salle d\u2019exploration fonctionnelle cardiaque et pulmonaire, un espace aquatique pour la r\u00e9cup\u00e9ration \u00e9quip\u00e9e d\u2019une piscine et d\u2019une salle de bain, un espace pour les pr\u00e9l\u00e8vements.<\/p>\n<p>Le personnel est constitu\u00e9 d\u2019une vingtaine d\u2019agents parmi lesquels des m\u00e9decins de sport, des cardiologues, des traumatolo-gues, des nutritionnistes et des psychologues mais aussi des infirmiers, des professeurs d\u2019EPS et des secr\u00e9taires. Un personnel que le directeur g\u00e9n\u00e9ral a souhait\u00e9 voir renforc\u00e9 pour l\u2019am\u00e9lioration de la prise en charge.<\/p>\n<p>Dans ce sens, il a, \u00e9galement, plaid\u00e9 pour la construction de salles d\u2019imagerie, de radiographie et de laboratoire ainsi que des bureaux administratifs et un ch\u00e2teau d\u2019eau. \u00ab Ce centre qui est une premi\u00e8re dans la sous-r\u00e9gion fait la fiert\u00e9 du Burkina et le minist\u00e8re avec le soutien des partenaires \u0153uvrera afin qu\u2019il dispose d\u2019infrastructures additionnelles \u00e0 la hauteur des attentes des utilisateurs comme souhait\u00e9 par le DG \u00bb, a r\u00e9pondu le ministre charg\u00e9 des sports, Abdoul Wabou Drabo.<\/p>\n<p style=\"text-align: right\"><strong>Voro KORAHIRE <\/strong><\/p>\n<p>L\u2019article <a rel=\"nofollow\" href=\"https:\/\/www.sidwaya.info\/blog\/2022\/04\/28\/infrastructures-sportives-le-centre-medico-sportif-operationnel\/\">Infrastructures sportives: le centre m\u00e9dico sportif op\u00e9rationnel<\/a> est apparu en premier sur <a rel=\"nofollow\" href=\"https:\/\/www.sidwaya.info\/\">Quotidien Sidwaya<\/a>.<\/p>\n<\/div>\n<p>Auteur: JK. Sidwaya<br \/>\n<a href=\"https:\/\/www.sidwaya.info\/blog\/2022\/04\/28\/infrastructures-sportives-le-centre-medico-sportif-operationnel\/?utm_source=rss&#038;utm_medium=rss&#038;utm_campaign=infrastructures-sportives-le-centre-medico-sportif-operationnel\">Cliquez ici pour lire l&rsquo;article depuis sa source.<\/a><\/p>\n","protected":false},"excerpt":{"rendered":"<p>Le ministre des Sports, de la Jeunesse et de l\u2019Emploi a inaugur\u00e9 le centre national m\u00e9dico-sportif, le jeudi 28 avril 2022 \u00e0 Ouagadougou. Fonctionnel depuis le d\u00e9but de l\u2019ann\u00e9e, le centre national m\u00e9dico-sportif est officiellement ouvert au monde du sport depuis ce 28 avril 2022. \u00ab Nous faisons la promotion des activit\u00e9s physiques et sportives [&hellip;]<\/p>\n","protected":false},"author":1816,"featured_media":0,"comment_status":"closed","ping_status":"closed","sticky":false,"template":"","format":"standard","meta":{"fifu_image_url":"","fifu_image_alt":"","footnotes":""},"categories":[73,81],"tags":[],"class_list":["post-146573","post","type-post","status-publish","format-standard","hentry","category-actualite","category-burkina-faso"],"_links":{"self":[{"href":"https:\/\/linitiative.ca\/International\/wp-json\/wp\/v2\/posts\/146573","targetHints":{"allow":["GET"]}}],"collection":[{"href":"https:\/\/linitiative.ca\/International\/wp-json\/wp\/v2\/posts"}],"about":[{"href":"https:\/\/linitiative.ca\/International\/wp-json\/wp\/v2\/types\/post"}],"author":[{"embeddable":true,"href":"https:\/\/linitiative.ca\/International\/wp-json\/wp\/v2\/users\/1816"}],"replies":[{"embeddable":true,"href":"https:\/\/linitiative.ca\/International\/wp-json\/wp\/v2\/comments?post=146573"}],"version-history":[{"count":0,"href":"https:\/\/linitiative.ca\/International\/wp-json\/wp\/v2\/posts\/146573\/revisions"}],"wp:attachment":[{"href":"https:\/\/linitiative.ca\/International\/wp-json\/wp\/v2\/media?parent=146573"}],"wp:term":[{"taxonomy":"category","embeddable":true,"href":"https:\/\/linitiative.ca\/International\/wp-json\/wp\/v2\/categories?post=146573"},{"taxonomy":"post_tag","embeddable":true,"href":"https:\/\/linitiative.ca\/International\/wp-json\/wp\/v2\/tags?post=146573"}],"curies":[{"name":"wp","href":"https:\/\/api.w.org\/{rel}","templated":true}]}}