{"id":146574,"date":"2022-04-28T17:40:07","date_gmt":"2022-04-28T21:40:07","guid":{"rendered":"https:\/\/linitiative.ca\/International\/augmentation-du-prix-du-pain-il-faudra-attendre-les-conclusions-du-cadre-de-concertation-abdoulaye-tall\/"},"modified":"2022-04-28T17:40:07","modified_gmt":"2022-04-28T21:40:07","slug":"augmentation-du-prix-du-pain-il-faudra-attendre-les-conclusions-du-cadre-de-concertation-abdoulaye-tall","status":"publish","type":"post","link":"https:\/\/linitiative.ca\/International\/augmentation-du-prix-du-pain-il-faudra-attendre-les-conclusions-du-cadre-de-concertation-abdoulaye-tall\/","title":{"rendered":"Augmentation du prix du pain : \u00ab Il faudra attendre les conclusions du cadre de concertation \u00bb, Abdoulaye Tall"},"content":{"rendered":"<div>\n<p><strong>Le gouvernement a anim\u00e9 un point de presse, le jeudi 28 avril 2022, \u00e0 Ouagadougou, sur des questions d\u2019actualit\u00e9 nationale. Le d\u00e9bat sur l\u2019augmentation du prix du pain, les relations entre le Burkina Faso et la CEDEAO et la mission des autorit\u00e9s burkinab\u00e8 au Mali sur les questions s\u00e9curitaires ont \u00e9t\u00e9 les sujets inscrits \u00e0 l\u2019ordre du jour. <\/strong><\/p>\n<p>A la suite de la conf\u00e9rence de presse tenue le mercredi dernier par la F\u00e9d\u00e9ration burkinab\u00e8 des patrons de boulangeries et de p\u00e2tisseries sur une augmentation du prix de la baguette de 200 grammes de 150 F CFA \u00e0 200 FCFA, le gouvernement veut apporter des \u00e9clairages. Au cours du traditionnel point de presse de l\u2019ex\u00e9cutif, le ministre du D\u00e9veloppement industriel, du Commerce, de l\u2019Artisanat et des Petites et moyennes entreprises, Abdoulaye Tall, a indiqu\u00e9 que la fixation du prix du pain tout comme celui de l\u2019huile et du sucre n\u2019est pas une d\u00e9cision unilat\u00e9rale d\u2019une structure.<\/p>\n<p>Il est le fruit d\u2019une d\u00e9marche collective et consensuelle, a-t-il pr\u00e9cis\u00e9. Par cons\u00e9quent, le ministre a confi\u00e9 qu\u2019il est t\u00f4t d\u2019affirmer que le prix du pain va augmenter pour l\u2019heure. \u00ab Pour savoir \u00eatre situ\u00e9, il faudra attendre les conclusions du cadre de concertation tripartite gouvernement, op\u00e9rateurs \u00e9conomiques et soci\u00e9t\u00e9s civiles institu\u00e9 par d\u00e9cret en 2011 \u00bb a-t-il relev\u00e9. Pour lui, c\u2019est une repr\u00e9sentation significative charg\u00e9e d\u2019analyser et de proposer une \u00e9ventuelle r\u00e9vision des prix.<\/p>\n<p>\u00ab Le cadre comprend 5 membres du gouvernement, la Chambre du commerce et d\u2019industrie du Burkina, les organisations professionnelles des op\u00e9rateurs \u00e9conomiques, les syndicats et la soci\u00e9t\u00e9 civile \u00bb, a d\u00e9taill\u00e9 le ministre Tall. Pour aider le cadre \u00e0 la prise de d\u00e9cision, un comit\u00e9 technique a \u00e9t\u00e9 cr\u00e9\u00e9. Il s\u2019agit de l\u2019observatoire sur les prix et le poids des produits de grande consommation compos\u00e9 de 21 membres.<\/p>\n<p>Ce comit\u00e9 est charg\u00e9 de passer en revue la structure des prix et de voir si l\u2019augmentation demand\u00e9e est fond\u00e9e et de formuler une recommandation au cadre tripartite. Aux dires de M. Tall, la crise ukrainienne a conduit \u00e0 une augmentation du prix de la farine de bl\u00e9 de plus de 47%. La f\u00e9d\u00e9ration a saisi le minist\u00e8re en charge du commerce. Le comit\u00e9 technique s\u2019est r\u00e9uni, du 11 au 25 avril 2022, et toutes les parties prenantes, les boulangers, l\u2019opinion publique, les consommateurs, les syndicats, \u00e9taient pr\u00e9sentes.<\/p>\n<p>\u00ab A l\u2019issue des concertations, divers sc\u00e9narii ont \u00e9t\u00e9 envisag\u00e9s et seront soumis au cadre de concertation \u00bb, a-t-il pr\u00e9cis\u00e9. Le ministre Abdoulaye Tall a par ailleurs rappel\u00e9 que la f\u00e9d\u00e9ration avait d\u00e9j\u00e0 annonc\u00e9 une hausse des prix, le 30 novembre 2022. Elle a saisi le minist\u00e8re par demande, l\u2019observatoire s\u2019est r\u00e9uni et a estim\u00e9 que la demande n\u2019\u00e9tait pas fond\u00e9e et elle a \u00e9t\u00e9 rejet\u00e9e, a-t-il signifi\u00e9.<\/p>\n<h3>La logique d\u2019accompagnement du Burkina<\/h3>\n<p>A la suite de M. Tall, le ministre des Affaires \u00e9trang\u00e8res, de la Coop\u00e9ration r\u00e9gionale et des Burkinab\u00e8 de l\u2019ext\u00e9rieur, Olivia Rouamba, a abord\u00e9 le deuxi\u00e8me sujet d\u2019actualit\u00e9. Elle a apport\u00e9 des pr\u00e9cisions sur les relations entre le Burkina et la CEDEAO qui a suspendu le pays des Hommes int\u00e8gres de ses instances \u00e0 la suite du coup d\u2019Etat du 24 janvier 2022. Le communiqu\u00e9 de l\u2019institution sous r\u00e9gionale, en date du 27 avril 2022, stipule que le Burkina souhaite disposer d\u2019un d\u00e9lai suppl\u00e9mentaire par rapport au d\u00e9lai du 25 avril 2022.<\/p>\n<p>Madame Rouamba s\u2019est r\u00e9jouie que le Burkina n\u2019ait pas \u00e9t\u00e9 sanctionn\u00e9 \u00e0 l\u2019\u00e9ch\u00e9ance. Elle a expliqu\u00e9 que les diff\u00e9rentes rencontres avec l\u2019institution ont montr\u00e9 la bonne volont\u00e9 des autorit\u00e9s burkinab\u00e8 \u00e0 collaborer. A son avis, ce sont ces aspects qui ont beaucoup pes\u00e9 dans la balance. Cela montre, a-t-elle poursuivi, que nous devons poursuivre nos d\u00e9marches de lobbying et de plaidoyer tant visibles que souterraines.<\/p>\n<p>Du 1er au 6 avril 2022, une mission technique de la commission de la CEDEAO a eu lieu au Burkina, au cours de laquelle les techniciens des minist\u00e8res en charge des affaires \u00e9trang\u00e8res et de la d\u00e9fense ont eu des \u00e9changes sur la finalisation d\u2019un chronogramme acceptable de la transition. \u00ab Nous avons demand\u00e9 qu\u2019une \u00e9quipe technique dans le domaine militaire puisse se rendre sur le terrain pour prendre la mesure de la situation et voir si dans un tel contexte, les \u00e9lections sont envisageables \u00bb, a expliqu\u00e9 Olivia Rouamba.<\/p>\n<p>L\u2019autre aspect, a-t-elle pr\u00e9cis\u00e9, est qu\u2019il a \u00e9t\u00e9 souhait\u00e9 qu\u2019une d\u00e9l\u00e9gation politique puisse venir au Burkina afin qu\u2019ensemble, l\u2019on puisse se pencher sur le chronogramme acceptable et sur la dur\u00e9e. La ministre a, en outre, soutenu que les deux vice-pr\u00e9sidents de la CENI re\u00e7us par la mission technique ont relev\u00e9 qu\u2019ils avaient demand\u00e9 avant l\u2019av\u00e8nement du r\u00e9gime actuel, un report des \u00e9lections municipales du fait de la situation s\u00e9curitaire.<\/p>\n<p>\u00ab Ils ont pr\u00e9cis\u00e9 qu\u2019avec ce niveau d\u2019enlisement de la situation s\u00e9curitaire, ils ne pensaient pas revoir le calendrier \u00bb, a not\u00e9 la ministre. Dans la m\u00eame veine, les techniciens de la d\u00e9fense ont souhait\u00e9 un d\u00e9lai de 24 mois pour recruter, former et rendre op\u00e9rationnels les soldats sur le terrain. Les chefs d\u2019Etat de la CEDEAO ont appr\u00e9ci\u00e9 la d\u00e9marche du Burkina qui accepte coop\u00e9rer et se sont inscrits dans un processus d\u2019accompagnement, a laiss\u00e9 entendre Olivia Rouamba.<\/p>\n<p>Le dernier point qui a retenu l\u2019attention du gouvernement a port\u00e9 sur la mission d\u2019une d\u00e9l\u00e9gation burkinab\u00e8 au Mali. Selon le ministre porte-parole du gouvernement, Lionel Bilgo, il s\u2019est agi d\u2019une visite de travail et d\u2019harmonisation des points de vue des deux pays sur la question s\u00e9curitaire. \u00ab Le Mali a engag\u00e9 une politique de s\u00e9curisation de son territoire et le Burkina est aussi dans la dynamique. Il s\u2019agit de faire en sorte que les groupes terroristes repouss\u00e9s au Mali ne se replient au Burkina et vice versa. Il s\u2019agit plut\u00f4t de cr\u00e9er une collaboration pour que les deux pays enregistrent des r\u00e9sultats probants dans la lutte contre le terrorisme \u00bb, a-t-il indiqu\u00e9. A l\u2019\u00e9couter, la d\u00e9marche burkinab\u00e8 a \u00e9t\u00e9 bien re\u00e7ue par les autorit\u00e9s maliennes.<\/p>\n<p style=\"text-align: right\"><strong>Abdoulaye BALBONE <\/strong><\/p>\n<p>L\u2019article <a rel=\"nofollow\" href=\"https:\/\/www.sidwaya.info\/blog\/2022\/04\/28\/augmentation-du-prix-du-pain-il-faudra-attendre-les-conclusions-du-cadre-de-concertation-abdoulaye-tall\/\">Augmentation du prix du pain : \u00ab Il faudra attendre les conclusions du cadre de concertation \u00bb, Abdoulaye Tall<\/a> est apparu en premier sur <a rel=\"nofollow\" href=\"https:\/\/www.sidwaya.info\/\">Quotidien Sidwaya<\/a>.<\/p>\n<\/div>\n<p>Auteur: JK. Sidwaya<br \/>\n<a href=\"https:\/\/www.sidwaya.info\/blog\/2022\/04\/28\/augmentation-du-prix-du-pain-il-faudra-attendre-les-conclusions-du-cadre-de-concertation-abdoulaye-tall\/?utm_source=rss&#038;utm_medium=rss&#038;utm_campaign=augmentation-du-prix-du-pain-il-faudra-attendre-les-conclusions-du-cadre-de-concertation-abdoulaye-tall\">Cliquez ici pour lire l&rsquo;article depuis sa source.<\/a><\/p>\n","protected":false},"excerpt":{"rendered":"<p>Le gouvernement a anim\u00e9 un point de presse, le jeudi 28 avril 2022, \u00e0 Ouagadougou, sur des questions d\u2019actualit\u00e9 nationale. Le d\u00e9bat sur l\u2019augmentation du prix du pain, les relations entre le Burkina Faso et la CEDEAO et la mission des autorit\u00e9s burkinab\u00e8 au Mali sur les questions s\u00e9curitaires ont \u00e9t\u00e9 les sujets inscrits \u00e0 [&hellip;]<\/p>\n","protected":false},"author":1816,"featured_media":0,"comment_status":"closed","ping_status":"closed","sticky":false,"template":"","format":"standard","meta":{"fifu_image_url":"","fifu_image_alt":"","footnotes":""},"categories":[73,81],"tags":[],"class_list":["post-146574","post","type-post","status-publish","format-standard","hentry","category-actualite","category-burkina-faso"],"_links":{"self":[{"href":"https:\/\/linitiative.ca\/International\/wp-json\/wp\/v2\/posts\/146574","targetHints":{"allow":["GET"]}}],"collection":[{"href":"https:\/\/linitiative.ca\/International\/wp-json\/wp\/v2\/posts"}],"about":[{"href":"https:\/\/linitiative.ca\/International\/wp-json\/wp\/v2\/types\/post"}],"author":[{"embeddable":true,"href":"https:\/\/linitiative.ca\/International\/wp-json\/wp\/v2\/users\/1816"}],"replies":[{"embeddable":true,"href":"https:\/\/linitiative.ca\/International\/wp-json\/wp\/v2\/comments?post=146574"}],"version-history":[{"count":0,"href":"https:\/\/linitiative.ca\/International\/wp-json\/wp\/v2\/posts\/146574\/revisions"}],"wp:attachment":[{"href":"https:\/\/linitiative.ca\/International\/wp-json\/wp\/v2\/media?parent=146574"}],"wp:term":[{"taxonomy":"category","embeddable":true,"href":"https:\/\/linitiative.ca\/International\/wp-json\/wp\/v2\/categories?post=146574"},{"taxonomy":"post_tag","embeddable":true,"href":"https:\/\/linitiative.ca\/International\/wp-json\/wp\/v2\/tags?post=146574"}],"curies":[{"name":"wp","href":"https:\/\/api.w.org\/{rel}","templated":true}]}}