{"id":146583,"date":"2022-04-28T16:50:34","date_gmt":"2022-04-28T20:50:34","guid":{"rendered":"https:\/\/linitiative.ca\/International\/cameroun-paludisme-la-solution-qui-vient-de-lartemisia\/"},"modified":"2022-04-28T16:50:34","modified_gmt":"2022-04-28T20:50:34","slug":"cameroun-paludisme-la-solution-qui-vient-de-lartemisia","status":"publish","type":"post","link":"https:\/\/linitiative.ca\/International\/cameroun-paludisme-la-solution-qui-vient-de-lartemisia\/","title":{"rendered":"Cameroun-paludisme : la solution qui vient de l\u2019Artemisia"},"content":{"rendered":"<div>\n<p><img decoding=\"async\" width=\"1200\" height=\"900\" src=\"https:\/\/linitiative.ca\/International\/wp-content\/uploads\/sites\/23\/2022\/04\/5eb3e45be6b31_000_1qq4gu-1364156.jpg\" class=\"attachment-post-thumbnail size-post-thumbnail wp-post-image\" alt=\"\" loading=\"lazy\" srcset=\"https:\/\/linitiative.ca\/International\/wp-content\/uploads\/sites\/23\/2022\/04\/5eb3e45be6b31_000_1qq4gu-1364156.jpg 1200w, https:\/\/www.journalducameroun.com\/wp-content\/uploads\/2022\/04\/5eb3e45be6b31_000_1qq4gu-1364156-300x225.jpg 300w, https:\/\/www.journalducameroun.com\/wp-content\/uploads\/2022\/04\/5eb3e45be6b31_000_1qq4gu-1364156-1024x768.jpg 1024w, https:\/\/www.journalducameroun.com\/wp-content\/uploads\/2022\/04\/5eb3e45be6b31_000_1qq4gu-1364156-768x576.jpg 768w, https:\/\/www.journalducameroun.com\/wp-content\/uploads\/2022\/04\/5eb3e45be6b31_000_1qq4gu-1364156-587x440.jpg 587w, https:\/\/www.journalducameroun.com\/wp-content\/uploads\/2022\/04\/5eb3e45be6b31_000_1qq4gu-1364156-600x450.jpg 600w\" sizes=\"auto, (max-width: 1200px) 100vw, 1200px\"><\/p>\n<h2>C&rsquo;est \u00e0 la suite d&rsquo;une conf\u00e9rence organis\u00e9e \u00e0 la Facult\u00e9 de m\u00e9decine et des sciences biom\u00e9dicales de Yaound\u00e9 (FMSB) que l&rsquo;association, Maison de l&rsquo;Artemisia a mise en scelle cette proposition.<\/h2>\n<p>L&rsquo;un des principaux responsables de d\u00e9c\u00e8s pour cause de maladie au Cameroun, c&rsquo;est le <strong>paludisme<\/strong>. Et elle n&rsquo;\u00e9pargne aucune couche de la soci\u00e9t\u00e9. Pour l&rsquo;ann\u00e9e 2021 par exemple, les statistiques ont fait \u00e9tat d&rsquo;environ 4000 morts chez les enfants de moins de cinq ans caus\u00e9s par le <strong>paludisme<\/strong>.<\/p>\n<p>Face \u00e0 cette situation, le gouvernement ne m\u00e9nage aucun effort pour lui barrer la voie. Plusieurs autres institutions ont rejoint le combat. C&rsquo;est le cas par exemple de l&rsquo;association humanitaire fran\u00e7aise,<strong> la Maison de l&rsquo;Artemisia, MDA.<\/strong><\/p>\n<p>En marge de la journ\u00e9e mondiale d\u00e9di\u00e9e \u00e0 la lutte contre le paludisme, la <strong>Maison de l&rsquo;Artemisia<\/strong> a r\u00e9uni les hommes de sant\u00e9 et les \u00e9tudiants de la facult\u00e9 de m\u00e9decine et des sciences biom\u00e9dicales de Yaound\u00e9 le 25 avril dernier.<\/p>\n<p>Cette rencontre a pour th\u00e8me, \u00a0\u00bbDu jardin au lit du malade\u00a0\u00bb. Les discussions ont ainsi permis de se pencher sur l&rsquo;importance de <strong>l&rsquo;Artemisia<\/strong> comme plante m\u00e9dicinale. La MDA est engag\u00e9e \u00e0 faire reconna\u00eetre et recommand\u00e9 par l&rsquo;OMS l&rsquo;usage de l&rsquo;Artemisia comme traitement.<\/p>\n<p><em>\u00ab\u00a0Les chiffres montrent qu&rsquo;on a encore \u00e0 faire. Et aujourd&rsquo;hui au Cameroun, on a une plante qu&rsquo;on peut retrouver dans nos jardins, la proposer aux professionnels de la sant\u00e9 pour le traitement des maladies du paludisme,\u00a0\u00bb<\/em> renseigne le Dr Louise Managou, pr\u00e9sidente de la <strong>MDA<\/strong> Cameroun.<\/p>\n<p>A c\u00f4t\u00e9, la rencontre f\u00fbt \u00e9galement l&rsquo;occasion pour d&rsquo;encourager les \u00e9tudiants de la FMSB \u00e0 intensifier des \u00e9tudes et recherches pour trouver et proposer des solutions innovantes dans la lutte contre cette maladie.<\/p>\n<p>Cet article <a rel=\"nofollow\" href=\"https:\/\/www.journalducameroun.com\/cameroun-paludisme-la-solution-qui-vient-de-lartemisia\/\">Cameroun-paludisme : la solution qui vient de l\u2019Artemisia<\/a> est apparu en premier sur <a rel=\"nofollow\" href=\"https:\/\/www.journalducameroun.com\/\">Journal du Cameroun<\/a>.<\/p>\n<\/div>\n<p>Auteur: Paul Wandji<br \/>\n<a href=\"https:\/\/www.journalducameroun.com\/cameroun-paludisme-la-solution-qui-vient-de-lartemisia\/\">Cliquez ici pour lire l&rsquo;article depuis sa source.<\/a><\/p>\n","protected":false},"excerpt":{"rendered":"<p>C&rsquo;est \u00e0 la suite d&rsquo;une conf\u00e9rence organis\u00e9e \u00e0 la Facult\u00e9 de m\u00e9decine et des sciences biom\u00e9dicales de Yaound\u00e9 (FMSB) que l&rsquo;association, Maison de l&rsquo;Artemisia a mise en scelle cette proposition. L&rsquo;un des principaux responsables de d\u00e9c\u00e8s pour cause de maladie au Cameroun, c&rsquo;est le paludisme. Et elle n&rsquo;\u00e9pargne aucune couche de la soci\u00e9t\u00e9. Pour l&rsquo;ann\u00e9e [&hellip;]<\/p>\n","protected":false},"author":1965,"featured_media":0,"comment_status":"closed","ping_status":"closed","sticky":false,"template":"","format":"standard","meta":{"fifu_image_url":"https:\/\/www.journalducameroun.com\/wp-content\/uploads\/2022\/04\/5eb3e45be6b31_000_1qq4gu-1364156.jpg","fifu_image_alt":"Cameroun-paludisme : la solution qui vient de l\u2019Artemisia","footnotes":""},"categories":[73,82],"tags":[],"class_list":["post-146583","post","type-post","status-publish","format-standard","hentry","category-actualite","category-cameroun"],"_links":{"self":[{"href":"https:\/\/linitiative.ca\/International\/wp-json\/wp\/v2\/posts\/146583","targetHints":{"allow":["GET"]}}],"collection":[{"href":"https:\/\/linitiative.ca\/International\/wp-json\/wp\/v2\/posts"}],"about":[{"href":"https:\/\/linitiative.ca\/International\/wp-json\/wp\/v2\/types\/post"}],"author":[{"embeddable":true,"href":"https:\/\/linitiative.ca\/International\/wp-json\/wp\/v2\/users\/1965"}],"replies":[{"embeddable":true,"href":"https:\/\/linitiative.ca\/International\/wp-json\/wp\/v2\/comments?post=146583"}],"version-history":[{"count":0,"href":"https:\/\/linitiative.ca\/International\/wp-json\/wp\/v2\/posts\/146583\/revisions"}],"wp:attachment":[{"href":"https:\/\/linitiative.ca\/International\/wp-json\/wp\/v2\/media?parent=146583"}],"wp:term":[{"taxonomy":"category","embeddable":true,"href":"https:\/\/linitiative.ca\/International\/wp-json\/wp\/v2\/categories?post=146583"},{"taxonomy":"post_tag","embeddable":true,"href":"https:\/\/linitiative.ca\/International\/wp-json\/wp\/v2\/tags?post=146583"}],"curies":[{"name":"wp","href":"https:\/\/api.w.org\/{rel}","templated":true}]}}