{"id":146587,"date":"2022-04-28T09:54:39","date_gmt":"2022-04-28T13:54:39","guid":{"rendered":"https:\/\/linitiative.ca\/International\/la-suspension-temporaire-des-exportations-de-certains-produits-par-le-cameroun-cree-des-remous-en-republique-centrafricaine\/"},"modified":"2022-04-28T09:54:39","modified_gmt":"2022-04-28T13:54:39","slug":"la-suspension-temporaire-des-exportations-de-certains-produits-par-le-cameroun-cree-des-remous-en-republique-centrafricaine","status":"publish","type":"post","link":"https:\/\/linitiative.ca\/International\/la-suspension-temporaire-des-exportations-de-certains-produits-par-le-cameroun-cree-des-remous-en-republique-centrafricaine\/","title":{"rendered":"La suspension temporaire des exportations de certains produits par le Cameroun cr\u00e9e des remous en R\u00e9publique Centrafricaine"},"content":{"rendered":"<div>\n<p>Le gouvernement Camerounais a d\u00e9cid\u00e9 de suspendre temporairement l\u2019exportation\u00a0 de plusieurs produits de grande consommation et de construction vers la sous-r\u00e9gion pour tenter d\u2019endiguer les pr\u00e9mices d\u2019une p\u00e9nurie observ\u00e9e dans les march\u00e9s. Dans un communiqu\u00e9 dat\u00e9 du 22 avril 2022, Luc Magloire Mbarga Atangana, le ministre du Commerce, pr\u00e9cise qu\u2019il s\u2019agit du \u00a0ciment, des huiles raffin\u00e9es, de la farine de bl\u00e9, du riz et des c\u00e9r\u00e9ales produits localement. Pour s\u2019assurer du respect de cette mesure conservatoire,\u00a0 le membre du gouvernement a \u00e9galement prescrit dans cette correspondance adress\u00e9e au gouverneur de la r\u00e9gion de l\u2019Est avec ampliations \u00e0 ces homologues des autres r\u00e9gions, le renforcement des contr\u00f4les au niveau des fronti\u00e8res.<\/p>\n<p><strong>Lire aussi : <a href=\"https:\/\/ecomatin.net\/penurie-de-gasoil-peur-sur-r-lindustrie-locale\/\" target=\"_blank\" rel=\"noreferrer noopener\">P\u00e9nurie de gasoil\u00a0: peur sur l\u2019industrie locale<\/a><\/strong><\/p>\n<p>L\u2019annonce a fait l\u2019effet d\u2019un s\u00e9isme en R\u00e9publique Centrafricaine. Le gouvernement de ce pays limitrophe du Cameroun qui se ravitaille en majorit\u00e9 sur le territoire national, a organis\u00e9 le 25 avril 2022, un point de presse pour \u00e9clairer l\u2019opinion centrafricaine sur les mesures qu\u2019il compte mettre en place pour att\u00e9nuer les effets n\u00e9gatifs de la mesure prise par le Cameroun. Cette rencontre avec la presse a \u00e9t\u00e9 organis\u00e9e par L\u00e9a Mboua Doumta,ministre du commerce de la RCA.\u00abNi le minist\u00e8re du Commerce, ni le gouvernement centrafricain n\u2019ont encore re\u00e7u cette correspondance. N\u00e9anmoins, il fallait s\u2019y attendre car nous ne produisons pas. Chaque pays pense d\u2019abord \u00e0 son peuple et c\u2019est ce que le Cameroun est en train de faire. Nous devons ainsi diversifier nos sources d\u2019importation\u00bb, a-t-elle d\u00e9clar\u00e9.\u00a0<\/p>\n<p><strong>Lire aussi : <a href=\"https:\/\/ecomatin.net\/lutte-contre-la-vie-chere-le-cameroun-limite-les-exportations-de-certains-produits-pour-satisfaire-la-demande-nationale\/\" target=\"_blank\" rel=\"noreferrer noopener\">Lutte contre la vie ch\u00e8re\u00a0: le Cameroun limite les exportations de certains produits pour satisfaire la demande nationale<\/a><\/strong><\/p>\n<p>Toutefois, hier (27 avril 2022), au micro de nos confr\u00e8res de RFI, \u00a0elle a fait l\u2019\u00e9conomie des mesures palliatives que va mettre en place le gouvernement centrafricain. \u00abNous sommes en train de diversifier les sources d\u2019approvisionnement. Nous devons nous concerter avec les importateurs pour que \u00e0 leur niveau on voit quelle est la situation et comment proc\u00e9der \u00e0 une ouverture vers d\u2019autres pays voisins et m\u00eame loin de notre pays, pour continuer l\u2019approvisionnement\u00bb, a-t-elle indiqu\u00e9. Et de pr\u00e9ciser que \u00abNous avons le pouvoir de voir avec le minist\u00e8re des Finances, la possibilit\u00e9 de r\u00e9duire la fiscalit\u00e9 pour que les prix soient \u00e0 la hauteur des consommateurs\u00bb.<\/p>\n<p><strong>Lire aussi : <a href=\"https:\/\/ecomatin.net\/la-hausse-du-prix-du-ciment-menace-les-exportations-en-zone-cemac\/\" target=\"_blank\" rel=\"noreferrer noopener\">La hausse du prix du ciment menace les exportations en zone Cemac<\/a><\/strong><\/p>\n<p>Selon des chiffres publi\u00e9s en 2018 par l\u2019Organisation mondiale du Commerce, 8.1% de\u00a0produits agricoles, combustibles et produits manufactur\u00e9s import\u00e9s par la R\u00e9publique Centrafricaine, proviennent du Cameroun.<\/p>\n<p>L\u2019article <a rel=\"nofollow\" href=\"https:\/\/ecomatin.net\/la-suspension-temporaire-des-exportations-de-certains-produits-par-le-cameroun-cree-des-remous-en-republique-centrafricaine\/\">La suspension temporaire des exportations de certains produits par le Cameroun cr\u00e9e des remous en R\u00e9publique Centrafricaine<\/a> est apparu en premier sur <a rel=\"nofollow\" href=\"https:\/\/ecomatin.net\/\">EcoMatin<\/a>.<\/p>\n<\/div>\n<p>Auteur: Paul Tjeg<br \/>\n<a href=\"https:\/\/ecomatin.net\/la-suspension-temporaire-des-exportations-de-certains-produits-par-le-cameroun-cree-des-remous-en-republique-centrafricaine\/\">Cliquez ici pour lire l&rsquo;article depuis sa source.<\/a><\/p>\n","protected":false},"excerpt":{"rendered":"<p>Le gouvernement Camerounais a d\u00e9cid\u00e9 de suspendre temporairement l\u2019exportation\u00a0 de plusieurs produits de grande consommation et de construction vers la sous-r\u00e9gion pour tenter d\u2019endiguer les pr\u00e9mices d\u2019une p\u00e9nurie observ\u00e9e dans les march\u00e9s. Dans un communiqu\u00e9 dat\u00e9 du 22 avril 2022, Luc Magloire Mbarga Atangana, le ministre du Commerce, pr\u00e9cise qu\u2019il s\u2019agit du \u00a0ciment, des huiles [&hellip;]<\/p>\n","protected":false},"author":1969,"featured_media":0,"comment_status":"closed","ping_status":"closed","sticky":false,"template":"","format":"standard","meta":{"fifu_image_url":"","fifu_image_alt":"","footnotes":""},"categories":[82,78],"tags":[],"class_list":["post-146587","post","type-post","status-publish","format-standard","hentry","category-cameroun","category-economie"],"_links":{"self":[{"href":"https:\/\/linitiative.ca\/International\/wp-json\/wp\/v2\/posts\/146587","targetHints":{"allow":["GET"]}}],"collection":[{"href":"https:\/\/linitiative.ca\/International\/wp-json\/wp\/v2\/posts"}],"about":[{"href":"https:\/\/linitiative.ca\/International\/wp-json\/wp\/v2\/types\/post"}],"author":[{"embeddable":true,"href":"https:\/\/linitiative.ca\/International\/wp-json\/wp\/v2\/users\/1969"}],"replies":[{"embeddable":true,"href":"https:\/\/linitiative.ca\/International\/wp-json\/wp\/v2\/comments?post=146587"}],"version-history":[{"count":0,"href":"https:\/\/linitiative.ca\/International\/wp-json\/wp\/v2\/posts\/146587\/revisions"}],"wp:attachment":[{"href":"https:\/\/linitiative.ca\/International\/wp-json\/wp\/v2\/media?parent=146587"}],"wp:term":[{"taxonomy":"category","embeddable":true,"href":"https:\/\/linitiative.ca\/International\/wp-json\/wp\/v2\/categories?post=146587"},{"taxonomy":"post_tag","embeddable":true,"href":"https:\/\/linitiative.ca\/International\/wp-json\/wp\/v2\/tags?post=146587"}],"curies":[{"name":"wp","href":"https:\/\/api.w.org\/{rel}","templated":true}]}}