{"id":14661,"date":"2019-02-16T09:03:15","date_gmt":"2019-02-16T14:03:15","guid":{"rendered":"https:\/\/linitiative.ca\/International\/un-plan-damenagement-urbain-du-grand-medea-en-phase-de-maturation\/"},"modified":"2019-02-16T09:03:15","modified_gmt":"2019-02-16T14:03:15","slug":"un-plan-damenagement-urbain-du-grand-medea-en-phase-de-maturation","status":"publish","type":"post","link":"https:\/\/linitiative.ca\/International\/un-plan-damenagement-urbain-du-grand-medea-en-phase-de-maturation\/","title":{"rendered":"Un plan d\u2019am\u00e9nagement urbain du Grand M\u00e9d\u00e9a en phase de maturation"},"content":{"rendered":"<div>\n<div class=\"K2FeedImage\"><img decoding=\"async\" src=\"http:\/\/www.aps.dz\/media\/k2\/items\/cache\/9714d03446473a45d98bab0d0bdb4a54_S.jpg\" alt=\"Un plan d\u2019am\u00e9nagement urbain du Grand M\u00e9d\u00e9a en phase de maturation\"><\/div>\n<div class=\"K2FeedIntroText\">\n<p>M\u00c9D\u00c9A &#8211; Un plan directeur d\u2019am\u00e9nagement urbain (PDAU) du \u00ab\u00a0Grand M\u00e9d\u00e9a\u00a0\u00bb est en phase de maturation \u00e0 la Direction locale de l\u2019urbanisme, l\u2019architecture et de la construction (Duac) en vue de d\u00e9finir les principaux axes d\u2019extension urbaine et d&rsquo;identifier les zones \u00e0 urbaniser, a-t-on appris samedi aupr\u00e8s de la cellule de communication de la wilaya.<\/p>\n<\/div>\n<div class=\"K2FeedFullText\">\n<p>L\u2019\u00e9laboration d\u2019un PDAU, incluant plusieurs communes situ\u00e9es \u00e0 la p\u00e9riph\u00e9rie imm\u00e9diate du chef lieu de wilaya, est devenue une \u00ab\u00a0n\u00e9cessit\u00e9\u00a0\u00bb pour faire face \u00e0 la raret\u00e9 du foncier \u00e0 laquelle est confront\u00e9e la commune de M\u00e9d\u00e9a et entrave, \u00e0 cet \u00e9gard, toute expansion urbaine au sein de cette agglom\u00e9ration, a expliqu\u00e9 la m\u00eame source.<\/p>\n<p>Le but recherch\u00e9 est de transcender cet \u00e9cueil en se dotant d\u2019un outil d\u2019urbanisation qui permettra de d\u00e9gager de nouvelles assiettes fonci\u00e8res et de servir \u00e0 la planification des besoins de la communaut\u00e9, notamment en mati\u00e8re d\u2019habitat\u00a0\u00bb, a-t-elle fait savoir, ajoutant que ce plan d\u2019am\u00e9nagement du Grand M\u00e9d\u00e9a est appel\u00e9 \u00e0 r\u00e9soudre \u00ab\u00a0d\u00e9finitivement\u00a0\u00bb la probl\u00e9matique du manque de foncier sur lequel bute le d\u00e9veloppement urbanistique du chef lieu de wilaya.<\/p>\n<hr>\n<p><em><strong>Lire aussi :\u00a0<a href=\"http:\/\/www.aps.dz\/regions\/66707-plan-strategique-d-alger-lancement-de-la-2eme-phase-du-projet\" target=\"_blank\" rel=\"noopener noreferrer\">Plan strat\u00e9gique d&rsquo;Alger : lancement de la 2\u00e8me phase du projet<\/a><\/strong><\/em><\/p>\n<hr>\n<p>L\u2019expansion urbaine projet\u00e9e dans le cadre de ce plan d\u2019am\u00e9nagement du Grand M\u00e9d\u00e9a s\u2019\u00e9tendra, a-t-on confie, \u00e0 plusieurs communes proches du chef-lieu, \u00e0 savoir Draa-Smar, \u00e0 l\u2019Ouest, Tamesguida au Nord, et Ouzera \u00e0 l\u2019Est, o\u00f9 des parcelles seront pr\u00e9lev\u00e9es et int\u00e9grer dans ce PDAU en pr\u00e9vision de son urbanisation future.<\/p>\n<p>Le manque de foncier dans la commune de M\u00e9d\u00e9a avait incit\u00e9, pour rappel, les autorit\u00e9s locales \u00e0 \u00e9laborer des Plan d\u2019am\u00e9nagement intercommunaux pour implanter des projets d\u2019habitat et \u00e9viter de p\u00e9naliser, ainsi, les citoyens.<\/p>\n<p>C&rsquo;est la cas en particulier du projet de 1220 logements location-vente, localis\u00e9 au niveau de Haouch Bayazid, inclus dans le Plan intercommunal des communes de M\u00e9d\u00e9a et Ouzera, et du projet de 3630 logements publics locatifs et location-vente, sis \u00e0 Ain-Djerda, site relevant du Plan intercommunal des communes de M\u00e9d\u00e9a et Draa-Smar.<\/p>\n<\/div>\n<\/div>\n<p>Auteur:<br \/>\n<a href=\"http:\/\/www.aps.dz\/regions\/85630-un-plan-d-amenagement-urbain-du-grand-medea-en-phase-de-maturation\">Cliquez ici pour lire l&rsquo;article depuis sa source.<\/a><\/p>\n","protected":false},"excerpt":{"rendered":"<p>M\u00c9D\u00c9A &#8211; Un plan directeur d\u2019am\u00e9nagement urbain (PDAU) du \u00ab\u00a0Grand M\u00e9d\u00e9a\u00a0\u00bb est en phase de maturation \u00e0 la Direction locale de l\u2019urbanisme, l\u2019architecture et de la construction (Duac) en vue de d\u00e9finir les principaux axes d\u2019extension urbaine et d&rsquo;identifier les zones \u00e0 urbaniser, a-t-on appris samedi aupr\u00e8s de la cellule de communication de la wilaya. [&hellip;]<\/p>\n","protected":false},"author":1790,"featured_media":14662,"comment_status":"closed","ping_status":"closed","sticky":false,"template":"","format":"standard","meta":{"fifu_image_url":"","fifu_image_alt":"","footnotes":""},"categories":[53,76],"tags":[],"class_list":["post-14661","post","type-post","status-publish","format-standard","has-post-thumbnail","hentry","category-algerie","category-regions"],"_links":{"self":[{"href":"https:\/\/linitiative.ca\/International\/wp-json\/wp\/v2\/posts\/14661","targetHints":{"allow":["GET"]}}],"collection":[{"href":"https:\/\/linitiative.ca\/International\/wp-json\/wp\/v2\/posts"}],"about":[{"href":"https:\/\/linitiative.ca\/International\/wp-json\/wp\/v2\/types\/post"}],"author":[{"embeddable":true,"href":"https:\/\/linitiative.ca\/International\/wp-json\/wp\/v2\/users\/1790"}],"replies":[{"embeddable":true,"href":"https:\/\/linitiative.ca\/International\/wp-json\/wp\/v2\/comments?post=14661"}],"version-history":[{"count":0,"href":"https:\/\/linitiative.ca\/International\/wp-json\/wp\/v2\/posts\/14661\/revisions"}],"wp:featuredmedia":[{"embeddable":true,"href":"https:\/\/linitiative.ca\/International\/wp-json\/"}],"wp:attachment":[{"href":"https:\/\/linitiative.ca\/International\/wp-json\/wp\/v2\/media?parent=14661"}],"wp:term":[{"taxonomy":"category","embeddable":true,"href":"https:\/\/linitiative.ca\/International\/wp-json\/wp\/v2\/categories?post=14661"},{"taxonomy":"post_tag","embeddable":true,"href":"https:\/\/linitiative.ca\/International\/wp-json\/wp\/v2\/tags?post=14661"}],"curies":[{"name":"wp","href":"https:\/\/api.w.org\/{rel}","templated":true}]}}