{"id":146620,"date":"2022-04-28T19:52:17","date_gmt":"2022-04-28T23:52:17","guid":{"rendered":"https:\/\/linitiative.ca\/International\/sa-majeste-le-roi-mohammed-vi-amir-al-mouminine-commemore-laylat-al-qadr-benie\/"},"modified":"2022-04-28T19:52:17","modified_gmt":"2022-04-28T23:52:17","slug":"sa-majeste-le-roi-mohammed-vi-amir-al-mouminine-commemore-laylat-al-qadr-benie","status":"publish","type":"post","link":"https:\/\/linitiative.ca\/International\/sa-majeste-le-roi-mohammed-vi-amir-al-mouminine-commemore-laylat-al-qadr-benie\/","title":{"rendered":"Sa Majest\u00e9 le Roi Mohammed VI, Amir Al-Mouminine, comm\u00e9more Laylat Al-Qadr b\u00e9nie"},"content":{"rendered":"<div>\n<div style=\"margin-bottom:20px;\"><img loading=\"lazy\" decoding=\"async\" width=\"750\" height=\"430\" src=\"https:\/\/linitiative.ca\/International\/wp-content\/uploads\/sites\/23\/2022\/04\/SM-Le-Roi-Laylat-Al-Qadr-750C397430-MAP.jpg\" class=\"attachment-post-thumbnail size-post-thumbnail wp-post-image\" alt=\"\" srcset=\"https:\/\/linitiative.ca\/International\/wp-content\/uploads\/sites\/23\/2022\/04\/SM-Le-Roi-Laylat-Al-Qadr-750C397430-MAP.jpg 750w, https:\/\/www.mapoujda.ma\/map\/uploads\/2022\/04\/SM-Le-Roi-Laylat-Al-Qadr-750\u00d7430-MAP-300x172.jpg 300w\" sizes=\"auto, (max-width: 750px) 100vw, 750px\"><\/div>\n<p style=\"text-align: justify;\">Sa Majest\u00e9 le Roi Mohammed VI, Amir Al-Mouminine, que Dieu L\u2019assiste, accompagn\u00e9 de SAR le Prince H\u00e9ritier Moulay El Hassan et de SAR le Prince Moulay Rachid, a comm\u00e9mor\u00e9, jeudi 26 Ramadan 1443 de l\u2019H\u00e9gire correspondant au 28 avril 2022, Laylat Al-Qadr b\u00e9nie.<\/p>\n<p style=\"text-align: justify;\">A cette occasion religieuse b\u00e9nie, SM le Roi, que Dieu Le pr\u00e9serve, a accompli les pri\u00e8res d\u2019Al-Icha et des Taraouih. Le ministre des Habous et des Affaires islamiques a cl\u00f4tur\u00e9 \u00ab\u00a0Sahih Al Boukhari\u00a0\u00bb devant Amir Al-Mouminine.<\/p>\n<p style=\"text-align: justify;\">Eu \u00e9gard \u00e0 la poursuite de l\u2019application des mesures pr\u00e9ventives en vigueur, Sa Majest\u00e9 le Roi, que Dieu Le glorifie, a bien voulu c\u00e9l\u00e9brer cette nuit b\u00e9nie dans un cadre priv\u00e9 et avec une assistance tr\u00e8s r\u00e9duite.<\/p>\n<p style=\"text-align: justify;\">Puisse Dieu pr\u00e9server Sa Majest\u00e9 le Roi, perp\u00e9tuer sur Lui les bienfaits de la sant\u00e9 et Lui accorder longue vie. Puisse-t-Il combler le Souverain en la personne de Son Altesse Royale le Prince H\u00e9ritier Moulay El Hassan, de Son Altesse Royale le Prince Moulay Rachid et de tous les membres de l\u2019illustre Famille Royale. Dieu L\u2019Audient, exauce les v\u0153ux de ceux qui L\u2019implorent.<\/p>\n<p>L\u2019article <a rel=\"nofollow\" href=\"https:\/\/www.mapoujda.ma\/fr\/sa-majeste-le-roi-mohammed-vi-amir-al-mouminine-commemore-laylat-al-qadr-benie\/\">Sa Majest\u00e9 le Roi Mohammed VI, Amir Al-Mouminine, comm\u00e9more Laylat Al-Qadr b\u00e9nie<\/a> est apparu en premier sur <a rel=\"nofollow\" href=\"https:\/\/www.mapoujda.ma\/fr\">MapOujda<\/a>.<\/p>\n<\/div>\n<p>Auteur: Soufiane ELAHMAR<br \/>\n<a href=\"https:\/\/www.mapoujda.ma\/fr\/sa-majeste-le-roi-mohammed-vi-amir-al-mouminine-commemore-laylat-al-qadr-benie\/\">Cliquez ici pour lire l&rsquo;article depuis sa source.<\/a><\/p>\n","protected":false},"excerpt":{"rendered":"<p>Sa Majest\u00e9 le Roi Mohammed VI, Amir Al-Mouminine, que Dieu L\u2019assiste, accompagn\u00e9 de SAR le Prince H\u00e9ritier Moulay El Hassan et de SAR le Prince Moulay Rachid, a comm\u00e9mor\u00e9, jeudi 26 Ramadan 1443 de l\u2019H\u00e9gire correspondant au 28 avril 2022, Laylat Al-Qadr b\u00e9nie. A cette occasion religieuse b\u00e9nie, SM le Roi, que Dieu Le pr\u00e9serve, [&hellip;]<\/p>\n","protected":false},"author":1788,"featured_media":0,"comment_status":"closed","ping_status":"closed","sticky":false,"template":"","format":"standard","meta":{"fifu_image_url":"https:\/\/www.mapoujda.ma\/map\/uploads\/2022\/04\/SM-Le-Roi-Laylat-Al-Qadr-750\u00d7430-MAP.jpg","fifu_image_alt":"Sa Majest\u00e9 le Roi Mohammed VI, Amir Al-Mouminine, comm\u00e9more Laylat Al-Qadr b\u00e9nie","footnotes":""},"categories":[54,76],"tags":[],"class_list":["post-146620","post","type-post","status-publish","format-standard","hentry","category-maroc","category-regions"],"_links":{"self":[{"href":"https:\/\/linitiative.ca\/International\/wp-json\/wp\/v2\/posts\/146620","targetHints":{"allow":["GET"]}}],"collection":[{"href":"https:\/\/linitiative.ca\/International\/wp-json\/wp\/v2\/posts"}],"about":[{"href":"https:\/\/linitiative.ca\/International\/wp-json\/wp\/v2\/types\/post"}],"author":[{"embeddable":true,"href":"https:\/\/linitiative.ca\/International\/wp-json\/wp\/v2\/users\/1788"}],"replies":[{"embeddable":true,"href":"https:\/\/linitiative.ca\/International\/wp-json\/wp\/v2\/comments?post=146620"}],"version-history":[{"count":0,"href":"https:\/\/linitiative.ca\/International\/wp-json\/wp\/v2\/posts\/146620\/revisions"}],"wp:attachment":[{"href":"https:\/\/linitiative.ca\/International\/wp-json\/wp\/v2\/media?parent=146620"}],"wp:term":[{"taxonomy":"category","embeddable":true,"href":"https:\/\/linitiative.ca\/International\/wp-json\/wp\/v2\/categories?post=146620"},{"taxonomy":"post_tag","embeddable":true,"href":"https:\/\/linitiative.ca\/International\/wp-json\/wp\/v2\/tags?post=146620"}],"curies":[{"name":"wp","href":"https:\/\/api.w.org\/{rel}","templated":true}]}}