{"id":14663,"date":"2019-02-16T11:03:42","date_gmt":"2019-02-16T16:03:42","guid":{"rendered":"https:\/\/linitiative.ca\/International\/2018-el-tarf-hausse-de-80-dans-la-resolution-des-affaires-de-criminalite-traitees\/"},"modified":"2019-02-16T11:03:42","modified_gmt":"2019-02-16T16:03:42","slug":"2018-el-tarf-hausse-de-80-dans-la-resolution-des-affaires-de-criminalite-traitees","status":"publish","type":"post","link":"https:\/\/linitiative.ca\/International\/2018-el-tarf-hausse-de-80-dans-la-resolution-des-affaires-de-criminalite-traitees\/","title":{"rendered":"2018\/El Tarf : hausse de 80% dans la r\u00e9solution des affaires de criminalit\u00e9 trait\u00e9es"},"content":{"rendered":"<div>\n<div class=\"K2FeedImage\"><img decoding=\"async\" src=\"http:\/\/www.aps.dz\/media\/k2\/items\/cache\/410f24a873a297ff7c5a17a1878ddbca_S.jpg\" alt=\"2018\/El Tarf : hausse de 80% dans la r\u00e9solution des affaires de criminalit\u00e9 trait\u00e9es\"><\/div>\n<div class=\"K2FeedIntroText\">\n<p>EL Tarf &#8211; Une hausse de 80 % dans la r\u00e9solution des affaires de criminalit\u00e9 trait\u00e9es en 2018 dans la wilaya d\u2019El Tarf compar\u00e9e \u00e0 l\u2019exercice 2017 a \u00e9t\u00e9 enregistr\u00e9e par les services de la s\u00fbret\u00e9, a-t-on appris, samedi, aupr\u00e8s du charg\u00e9 de la communication de ce corps constitu\u00e9.<\/p>\n<\/div>\n<div class=\"K2FeedFullText\">\n<p>Un total 3.944 affaires ont \u00e9t\u00e9 \u00e9lucid\u00e9es en 2018 sur les 4.057 affaires trait\u00e9es a pr\u00e9cis\u00e9 le commissaire Mohamed-Karim Labidi d\u00e9taillant que 5.606 individus \u00e9taient impliqu\u00e9s dans ces affaires.<\/p>\n<p>Il a ajout\u00e9 qu\u2019en 2017, 3.897 affaires \u00e9taient r\u00e9solues sur les 4.033 inscrites et impliquant 4.956 individus relevant que ces affaires ont port\u00e9, entre autres, sur le vol de v\u00e9hicule, la petite d\u00e9linquance, l\u2019homicide volontaire et le trafic de drogue.<\/p>\n<hr>\n<p><em><strong>Lire aussi :\u00a0<a href=\"http:\/\/www.aps.dz\/regions\/85440-el-tarf-saisie-de-4-726-comprimes-de-psychotropes-au-poste-frontalier-d-oum-t-boul\" target=\"_blank\" rel=\"noopener noreferrer\">El\u00a0<span class=\"highlight\">Tarf<\/span>: saisie de 4 726 comprim\u00e9s de psychotropes au poste frontalier d\u2019Oum T\u2019boul<\/a><\/strong><\/em><\/p>\n<hr>\n<p>La m\u00eame source a fait \u00e9tat \u00ab\u00a0d\u2019une hausse en 2018 comparativement \u00e0 2017\u00a0\u00bb dans la saisie de comprim\u00e9s psychotropes avec 63.068 substances hallucinog\u00e8nes saisies impliquant 571 individus et une \u00ab\u00a0baisse\u00a0\u00bb\u2019 enregistr\u00e9e au cours de la m\u00eame p\u00e9riode dans le trafic de kif trait\u00e9 avec la saisie de 10.304 kg en 2018 contre 11.969 kg en 2017.<\/p>\n<p>Pas moins de 5.059 appels ont \u00e9t\u00e9 re\u00e7us en 2018 sur les lignes vertes des services de la police mises \u00e0 la disposition des citoyens a-t-on encore not\u00e9 rappelant que la d\u00e9marche s\u2019inscrit dans le cadre des efforts visant le rapprochement des services de police des citoyens et la lutte contre le banditisme dans cette wilaya frontali\u00e8re.<\/p>\n<\/div>\n<\/div>\n<p>Auteur:<br \/>\n<a href=\"http:\/\/www.aps.dz\/regions\/85642-2018-el-tarf-hausse-de-80-dans-la-resolution-des-affaires-de-criminalite-traitees\">Cliquez ici pour lire l&rsquo;article depuis sa source.<\/a><\/p>\n","protected":false},"excerpt":{"rendered":"<p>EL Tarf &#8211; Une hausse de 80 % dans la r\u00e9solution des affaires de criminalit\u00e9 trait\u00e9es en 2018 dans la wilaya d\u2019El Tarf compar\u00e9e \u00e0 l\u2019exercice 2017 a \u00e9t\u00e9 enregistr\u00e9e par les services de la s\u00fbret\u00e9, a-t-on appris, samedi, aupr\u00e8s du charg\u00e9 de la communication de ce corps constitu\u00e9. Un total 3.944 affaires ont \u00e9t\u00e9 [&hellip;]<\/p>\n","protected":false},"author":1790,"featured_media":14664,"comment_status":"closed","ping_status":"closed","sticky":false,"template":"","format":"standard","meta":{"fifu_image_url":"","fifu_image_alt":"","footnotes":""},"categories":[53,76],"tags":[],"class_list":["post-14663","post","type-post","status-publish","format-standard","has-post-thumbnail","hentry","category-algerie","category-regions"],"_links":{"self":[{"href":"https:\/\/linitiative.ca\/International\/wp-json\/wp\/v2\/posts\/14663","targetHints":{"allow":["GET"]}}],"collection":[{"href":"https:\/\/linitiative.ca\/International\/wp-json\/wp\/v2\/posts"}],"about":[{"href":"https:\/\/linitiative.ca\/International\/wp-json\/wp\/v2\/types\/post"}],"author":[{"embeddable":true,"href":"https:\/\/linitiative.ca\/International\/wp-json\/wp\/v2\/users\/1790"}],"replies":[{"embeddable":true,"href":"https:\/\/linitiative.ca\/International\/wp-json\/wp\/v2\/comments?post=14663"}],"version-history":[{"count":0,"href":"https:\/\/linitiative.ca\/International\/wp-json\/wp\/v2\/posts\/14663\/revisions"}],"wp:featuredmedia":[{"embeddable":true,"href":"https:\/\/linitiative.ca\/International\/wp-json\/"}],"wp:attachment":[{"href":"https:\/\/linitiative.ca\/International\/wp-json\/wp\/v2\/media?parent=14663"}],"wp:term":[{"taxonomy":"category","embeddable":true,"href":"https:\/\/linitiative.ca\/International\/wp-json\/wp\/v2\/categories?post=14663"},{"taxonomy":"post_tag","embeddable":true,"href":"https:\/\/linitiative.ca\/International\/wp-json\/wp\/v2\/tags?post=14663"}],"curies":[{"name":"wp","href":"https:\/\/api.w.org\/{rel}","templated":true}]}}