{"id":146696,"date":"2022-04-30T11:22:51","date_gmt":"2022-04-30T15:22:51","guid":{"rendered":"https:\/\/linitiative.ca\/International\/dialogue-social-laccord-officiellement-signe\/"},"modified":"2022-04-30T11:22:51","modified_gmt":"2022-04-30T15:22:51","slug":"dialogue-social-laccord-officiellement-signe","status":"publish","type":"post","link":"https:\/\/linitiative.ca\/International\/dialogue-social-laccord-officiellement-signe\/","title":{"rendered":"Dialogue social: l&rsquo;accord officiellement sign\u00e9"},"content":{"rendered":"<div>\n<div class=\"field field-name-body field-type-text-with-summary field-label-hidden\">\n<div class=\"field-items\">\n<div class=\"field-item even\" property=\"content:encoded\">\n<p>Comme annonc\u00e9 dans nos pr\u00e9c\u00e9dentes \u00e9ditions, le nouvel accord social a \u00e9t\u00e9 officiellement si\u00adgn\u00e9 ce samedi entre les syndicats et la CGEM.<\/p>\n<p>De quoi garantir la paix sociale et aussi assoir des m\u00e9ca\u00adnismes d\u2019un dialogue continu entre les diff\u00e9rentes instances. Ce qui ne peut constituer qu\u2019un atout \u00e0 l\u2019heure o\u00f9 le Maroc s\u2019appr\u00eate \u00e0 mettre en place une nouvelle Charte de l\u2019investissement.<\/p>\n<blockquote>\n<p class=\"rtecenter\"><strong><span style=\"background-color:#FFFF00;\">Lire aussi:\u00a0Dialogue social: Hausse du smig et des allocations familiales<\/span><\/strong><\/p>\n<\/blockquote>\n<\/div>\n<\/div>\n<\/div>\n<\/div>\n<p>Auteur: mbasraoui<br \/>\n<a href=\"https:\/\/www.leconomiste.com\/flash-infos\/dialogue-social-l-accord-officiellement-signe\">Cliquez ici pour lire l&rsquo;article depuis sa source.<\/a><\/p>\n","protected":false},"excerpt":{"rendered":"<p>Comme annonc\u00e9 dans nos pr\u00e9c\u00e9dentes \u00e9ditions, le nouvel accord social a \u00e9t\u00e9 officiellement si\u00adgn\u00e9 ce samedi entre les syndicats et la CGEM. De quoi garantir la paix sociale et aussi assoir des m\u00e9ca\u00adnismes d\u2019un dialogue continu entre les diff\u00e9rentes instances. Ce qui ne peut constituer qu\u2019un atout \u00e0 l\u2019heure o\u00f9 le Maroc s\u2019appr\u00eate \u00e0 mettre [&hellip;]<\/p>\n","protected":false},"author":1763,"featured_media":0,"comment_status":"closed","ping_status":"closed","sticky":false,"template":"","format":"standard","meta":{"fifu_image_url":"","fifu_image_alt":"","footnotes":""},"categories":[78,54],"tags":[],"class_list":["post-146696","post","type-post","status-publish","format-standard","hentry","category-economie","category-maroc"],"_links":{"self":[{"href":"https:\/\/linitiative.ca\/International\/wp-json\/wp\/v2\/posts\/146696","targetHints":{"allow":["GET"]}}],"collection":[{"href":"https:\/\/linitiative.ca\/International\/wp-json\/wp\/v2\/posts"}],"about":[{"href":"https:\/\/linitiative.ca\/International\/wp-json\/wp\/v2\/types\/post"}],"author":[{"embeddable":true,"href":"https:\/\/linitiative.ca\/International\/wp-json\/wp\/v2\/users\/1763"}],"replies":[{"embeddable":true,"href":"https:\/\/linitiative.ca\/International\/wp-json\/wp\/v2\/comments?post=146696"}],"version-history":[{"count":0,"href":"https:\/\/linitiative.ca\/International\/wp-json\/wp\/v2\/posts\/146696\/revisions"}],"wp:attachment":[{"href":"https:\/\/linitiative.ca\/International\/wp-json\/wp\/v2\/media?parent=146696"}],"wp:term":[{"taxonomy":"category","embeddable":true,"href":"https:\/\/linitiative.ca\/International\/wp-json\/wp\/v2\/categories?post=146696"},{"taxonomy":"post_tag","embeddable":true,"href":"https:\/\/linitiative.ca\/International\/wp-json\/wp\/v2\/tags?post=146696"}],"curies":[{"name":"wp","href":"https:\/\/api.w.org\/{rel}","templated":true}]}}