{"id":146743,"date":"2022-05-01T09:28:17","date_gmt":"2022-05-01T13:28:17","guid":{"rendered":"https:\/\/linitiative.ca\/International\/une-secousse-tellurique-a-driouch\/"},"modified":"2022-05-01T09:28:17","modified_gmt":"2022-05-01T13:28:17","slug":"une-secousse-tellurique-a-driouch","status":"publish","type":"post","link":"https:\/\/linitiative.ca\/International\/une-secousse-tellurique-a-driouch\/","title":{"rendered":"Une secousse tellurique \u00e0 Driouch"},"content":{"rendered":"<div>\n<div class=\"field field-name-body field-type-text-with-summary field-label-hidden\">\n<div class=\"field-items\">\n<div class=\"field-item even\" property=\"content:encoded\">\n<p class=\"rtejustify\">Une secousse tellurique de magnitude 4,4 degr\u00e9s sur l&rsquo;\u00e9chelle ouverte de Richter a \u00e9t\u00e9 enregistr\u00e9e dimanche au large de la province de Driouch, a indiqu\u00e9 l&rsquo;Institut national de g\u00e9ophysique (ING). La secousse, dont l&rsquo;\u00e9picentre est situ\u00e9 au large de la province de Driouch, s&rsquo;est produite \u00e0 11h 55min 20sec (GMT+1), a pr\u00e9cis\u00e9 l&rsquo;ING dans un bulletin d&rsquo;alerte sismique.<\/p>\n<p class=\"rtejustify\">Survenue \u00e0 une profondeur de 15 km, la secousse s\u2019est produite \u00e0 une latitude de 35.654\u00b0N et une longitude de 3.577\u00b0W, ajoute l&rsquo;NG.<\/p>\n<\/div>\n<\/div>\n<\/div>\n<\/div>\n<p>Auteur: hgueye<br \/>\n<a href=\"https:\/\/www.leconomiste.com\/flash-infos\/une-secousse-tellurique-driouch-1\">Cliquez ici pour lire l&rsquo;article depuis sa source.<\/a><\/p>\n","protected":false},"excerpt":{"rendered":"<p>Une secousse tellurique de magnitude 4,4 degr\u00e9s sur l&rsquo;\u00e9chelle ouverte de Richter a \u00e9t\u00e9 enregistr\u00e9e dimanche au large de la province de Driouch, a indiqu\u00e9 l&rsquo;Institut national de g\u00e9ophysique (ING). La secousse, dont l&rsquo;\u00e9picentre est situ\u00e9 au large de la province de Driouch, s&rsquo;est produite \u00e0 11h 55min 20sec (GMT+1), a pr\u00e9cis\u00e9 l&rsquo;ING dans un [&hellip;]<\/p>\n","protected":false},"author":1763,"featured_media":0,"comment_status":"closed","ping_status":"closed","sticky":false,"template":"","format":"standard","meta":{"fifu_image_url":"","fifu_image_alt":"","footnotes":""},"categories":[78,54],"tags":[],"class_list":["post-146743","post","type-post","status-publish","format-standard","hentry","category-economie","category-maroc"],"_links":{"self":[{"href":"https:\/\/linitiative.ca\/International\/wp-json\/wp\/v2\/posts\/146743","targetHints":{"allow":["GET"]}}],"collection":[{"href":"https:\/\/linitiative.ca\/International\/wp-json\/wp\/v2\/posts"}],"about":[{"href":"https:\/\/linitiative.ca\/International\/wp-json\/wp\/v2\/types\/post"}],"author":[{"embeddable":true,"href":"https:\/\/linitiative.ca\/International\/wp-json\/wp\/v2\/users\/1763"}],"replies":[{"embeddable":true,"href":"https:\/\/linitiative.ca\/International\/wp-json\/wp\/v2\/comments?post=146743"}],"version-history":[{"count":0,"href":"https:\/\/linitiative.ca\/International\/wp-json\/wp\/v2\/posts\/146743\/revisions"}],"wp:attachment":[{"href":"https:\/\/linitiative.ca\/International\/wp-json\/wp\/v2\/media?parent=146743"}],"wp:term":[{"taxonomy":"category","embeddable":true,"href":"https:\/\/linitiative.ca\/International\/wp-json\/wp\/v2\/categories?post=146743"},{"taxonomy":"post_tag","embeddable":true,"href":"https:\/\/linitiative.ca\/International\/wp-json\/wp\/v2\/tags?post=146743"}],"curies":[{"name":"wp","href":"https:\/\/api.w.org\/{rel}","templated":true}]}}