{"id":146753,"date":"2022-05-01T13:59:00","date_gmt":"2022-05-01T17:59:00","guid":{"rendered":"https:\/\/linitiative.ca\/International\/lancien-dirigeant-syndicaliste-et-depute-taieb-zalila-est-decede\/"},"modified":"2022-05-01T13:59:00","modified_gmt":"2022-05-01T17:59:00","slug":"lancien-dirigeant-syndicaliste-et-depute-taieb-zalila-est-decede","status":"publish","type":"post","link":"https:\/\/linitiative.ca\/International\/lancien-dirigeant-syndicaliste-et-depute-taieb-zalila-est-decede\/","title":{"rendered":"L\u2019ancien dirigeant syndicaliste et d\u00e9put\u00e9, Ta\u00efeb Zalila, est d\u00e9c\u00e9d\u00e9"},"content":{"rendered":"<div><img decoding=\"async\" src=\"https:\/\/linitiative.ca\/International\/wp-content\/uploads\/sites\/23\/2022\/05\/1651424385_article.jpg\" alt=\"L\u2019ancien dirigeant syndicaliste et d\u00e9put\u00e9, Ta\u00efeb Zalila, est d\u00e9c\u00e9d\u00e9\" align=\"left\">Le mouvement syndical et la famille patriotique tunisienne viennent d\u2019\u00eatre endeuill\u00e9s par le d\u00e9c\u00e8s, dimanche, de Ta\u00efeb Zalila, ancien dirigeant syndicaliste et d\u00e9put\u00e9 \u00e0 l\u2019Assembl\u00e9e nationale. Engag\u00e9 au sein de l\u2019UGTT d\u00e8s sa prime jeunesse, Ta\u00efeb Zalila avait d\u00e9di\u00e9 sa vie \u00e0 la cause ouvri\u00e8re, assumant de nombreuses fonctions au sein de la centrale syndicale ouvri\u00e8re, notamment celle de secr\u00e9taire g\u00e9n\u00e9ral de l\u2019Union r\u00e9gionale de Sfax. Dans l\u2019accomplissement de ses charges, il avait particuli\u00e8rement \u0153uvr\u00e9 \u00e0 la cr\u00e9ation d\u2019une s\u00e9rie de coop\u00e9ratives ouvri\u00e8res, veillant \u00e0 leur bonne gestion et en faisant une v\u00e9ritable r\u00e9f\u00e9rence.<br \/>\nTa\u00efeb Zalila qui sera &#8230;<\/p>\n<\/div>\n<p>Auteur:<br \/>\n<a href=\"https:\/\/www.leaders.com.tn\/article\/33294-l-ancien-dirigeant-syndicaliste-et-depute-taieb-zalila-est-decede\">Cliquez ici pour lire l&rsquo;article depuis sa source.<\/a><\/p>\n","protected":false},"excerpt":{"rendered":"<p>Le mouvement syndical et la famille patriotique tunisienne viennent d\u2019\u00eatre endeuill\u00e9s par le d\u00e9c\u00e8s, dimanche, de Ta\u00efeb Zalila, ancien dirigeant syndicaliste et d\u00e9put\u00e9 \u00e0 l\u2019Assembl\u00e9e nationale. Engag\u00e9 au sein de l\u2019UGTT d\u00e8s sa prime jeunesse, Ta\u00efeb Zalila avait d\u00e9di\u00e9 sa vie \u00e0 la cause ouvri\u00e8re, assumant de nombreuses fonctions au sein de la centrale syndicale [&hellip;]<\/p>\n","protected":false},"author":1772,"featured_media":0,"comment_status":"closed","ping_status":"closed","sticky":false,"template":"","format":"standard","meta":{"fifu_image_url":"http:\/\/www.leaders.com.tn\/uploads\/content\/thumbnails_small\/1651424385_article.jpg","fifu_image_alt":"L\u2019ancien dirigeant syndicaliste et d\u00e9put\u00e9, Ta\u00efeb Zalila, est d\u00e9c\u00e9d\u00e9","footnotes":""},"categories":[73,55],"tags":[],"class_list":["post-146753","post","type-post","status-publish","format-standard","hentry","category-actualite","category-tunisie"],"_links":{"self":[{"href":"https:\/\/linitiative.ca\/International\/wp-json\/wp\/v2\/posts\/146753","targetHints":{"allow":["GET"]}}],"collection":[{"href":"https:\/\/linitiative.ca\/International\/wp-json\/wp\/v2\/posts"}],"about":[{"href":"https:\/\/linitiative.ca\/International\/wp-json\/wp\/v2\/types\/post"}],"author":[{"embeddable":true,"href":"https:\/\/linitiative.ca\/International\/wp-json\/wp\/v2\/users\/1772"}],"replies":[{"embeddable":true,"href":"https:\/\/linitiative.ca\/International\/wp-json\/wp\/v2\/comments?post=146753"}],"version-history":[{"count":0,"href":"https:\/\/linitiative.ca\/International\/wp-json\/wp\/v2\/posts\/146753\/revisions"}],"wp:attachment":[{"href":"https:\/\/linitiative.ca\/International\/wp-json\/wp\/v2\/media?parent=146753"}],"wp:term":[{"taxonomy":"category","embeddable":true,"href":"https:\/\/linitiative.ca\/International\/wp-json\/wp\/v2\/categories?post=146753"},{"taxonomy":"post_tag","embeddable":true,"href":"https:\/\/linitiative.ca\/International\/wp-json\/wp\/v2\/tags?post=146753"}],"curies":[{"name":"wp","href":"https:\/\/api.w.org\/{rel}","templated":true}]}}