{"id":146755,"date":"2022-05-01T14:46:00","date_gmt":"2022-05-01T18:46:00","guid":{"rendered":"https:\/\/linitiative.ca\/International\/presentation-de-leaders-132-mai-2022-social-mettre-les-bouchees-doubles\/"},"modified":"2022-05-01T14:46:00","modified_gmt":"2022-05-01T18:46:00","slug":"presentation-de-leaders-132-mai-2022-social-mettre-les-bouchees-doubles","status":"publish","type":"post","link":"https:\/\/linitiative.ca\/International\/presentation-de-leaders-132-mai-2022-social-mettre-les-bouchees-doubles\/","title":{"rendered":"Pr\u00e9sentation de Leaders 132 &#8211; Mai 2022: Social, mettre les bouch\u00e9es doubles"},"content":{"rendered":"<div><img decoding=\"async\" src=\"https:\/\/linitiative.ca\/International\/wp-content\/uploads\/sites\/23\/2022\/05\/1651413170_article.jpg\" alt=\"Pr\u00e9sentation de Leaders 132 - Mai 2022: Social, mettre les bouch\u00e9es doubles\" align=\"left\">Une fois n&rsquo;est pas coutume. Le social est \u00e0 l&rsquo;honneur \u00e0 Leaders. Il faudra attendre le mois de f\u00e9vrier 2023 pour que la Tunisie puisse se doter d\u2019un nouveau gouvernement, soit, dix mois pour qu\u2019une nouvelle \u00e9quipe, issue des \u00e9lections l\u00e9gislatives anticip\u00e9es, promises pour le 17 d\u00e9cembre prochain et l\u00e9gitimement hiss\u00e9e aux commandes, pour une p\u00e9riode esp\u00e9r\u00e9e stable. D\u2019ici l\u00e0, le gouvernement Najla Bouden doit pouvoir tenir et r\u00e9sister aux al\u00e9as des multiples crises. Son unique salut est de ne gu\u00e8re se consid\u00e9rer comme un gouvernement charg\u00e9 d\u2019exp\u00e9dier les affaires courantes, de d\u00e9poussi\u00e9rer tant de dossiers ensevelis par des gouvernements pr\u00e9c\u00e9dents et &#8230;<\/p>\n<\/div>\n<p>Auteur:<br \/>\n<a href=\"https:\/\/www.leaders.com.tn\/article\/33292-presentation-de-leaders-132-mai-2022-social-mettre-les-bouchees-doubles\">Cliquez ici pour lire l&rsquo;article depuis sa source.<\/a><\/p>\n","protected":false},"excerpt":{"rendered":"<p>Une fois n&rsquo;est pas coutume. Le social est \u00e0 l&rsquo;honneur \u00e0 Leaders. Il faudra attendre le mois de f\u00e9vrier 2023 pour que la Tunisie puisse se doter d\u2019un nouveau gouvernement, soit, dix mois pour qu\u2019une nouvelle \u00e9quipe, issue des \u00e9lections l\u00e9gislatives anticip\u00e9es, promises pour le 17 d\u00e9cembre prochain et l\u00e9gitimement hiss\u00e9e aux commandes, pour une [&hellip;]<\/p>\n","protected":false},"author":1772,"featured_media":0,"comment_status":"closed","ping_status":"closed","sticky":false,"template":"","format":"standard","meta":{"fifu_image_url":"http:\/\/www.leaders.com.tn\/uploads\/content\/thumbnails_small\/1651413170_article.jpg","fifu_image_alt":"Pr\u00e9sentation de Leaders 132 - Mai 2022: Social, mettre les bouch\u00e9es doubles","footnotes":""},"categories":[73,55],"tags":[],"class_list":["post-146755","post","type-post","status-publish","format-standard","hentry","category-actualite","category-tunisie"],"_links":{"self":[{"href":"https:\/\/linitiative.ca\/International\/wp-json\/wp\/v2\/posts\/146755","targetHints":{"allow":["GET"]}}],"collection":[{"href":"https:\/\/linitiative.ca\/International\/wp-json\/wp\/v2\/posts"}],"about":[{"href":"https:\/\/linitiative.ca\/International\/wp-json\/wp\/v2\/types\/post"}],"author":[{"embeddable":true,"href":"https:\/\/linitiative.ca\/International\/wp-json\/wp\/v2\/users\/1772"}],"replies":[{"embeddable":true,"href":"https:\/\/linitiative.ca\/International\/wp-json\/wp\/v2\/comments?post=146755"}],"version-history":[{"count":0,"href":"https:\/\/linitiative.ca\/International\/wp-json\/wp\/v2\/posts\/146755\/revisions"}],"wp:attachment":[{"href":"https:\/\/linitiative.ca\/International\/wp-json\/wp\/v2\/media?parent=146755"}],"wp:term":[{"taxonomy":"category","embeddable":true,"href":"https:\/\/linitiative.ca\/International\/wp-json\/wp\/v2\/categories?post=146755"},{"taxonomy":"post_tag","embeddable":true,"href":"https:\/\/linitiative.ca\/International\/wp-json\/wp\/v2\/tags?post=146755"}],"curies":[{"name":"wp","href":"https:\/\/api.w.org\/{rel}","templated":true}]}}