{"id":146767,"date":"2022-05-01T15:46:35","date_gmt":"2022-05-01T19:46:35","guid":{"rendered":"https:\/\/linitiative.ca\/International\/journee-mondiale-de-la-liberte-de-presse-micro-camera-et-plume-a-lepreuve-du-pouvoir-kaki-en-afrique\/"},"modified":"2022-05-01T15:46:35","modified_gmt":"2022-05-01T19:46:35","slug":"journee-mondiale-de-la-liberte-de-presse-micro-camera-et-plume-a-lepreuve-du-pouvoir-kaki-en-afrique","status":"publish","type":"post","link":"https:\/\/linitiative.ca\/International\/journee-mondiale-de-la-liberte-de-presse-micro-camera-et-plume-a-lepreuve-du-pouvoir-kaki-en-afrique\/","title":{"rendered":"JOURNEE MONDIALE DE LA LIBERTE DE PRESSE : Micro, cam\u00e9ra et plume \u00e0 l\u2019\u00e9preuve du pouvoir kaki en Afrique"},"content":{"rendered":"<div>\n<p><img loading=\"lazy\" decoding=\"async\" width=\"274\" height=\"184\" src=\"https:\/\/linitiative.ca\/International\/wp-content\/uploads\/sites\/23\/2022\/05\/mali.jpg\" class=\"attachment- size- wp-post-image\" alt=\"\" style=\"float:left; margin:0 15px 15px 0;\" srcset=\"https:\/\/linitiative.ca\/International\/wp-content\/uploads\/sites\/23\/2022\/05\/mali.jpg 274w, https:\/\/lepays.bf\/wp-content\/uploads\/2022\/05\/mali-150x101.jpg 150w, https:\/\/lepays.bf\/wp-content\/uploads\/2022\/05\/mali-128x86.jpg 128w\" sizes=\"auto, (max-width: 274px) 100vw, 274px\">Comme tous les ans, le monde entier c\u00e9l\u00e8bre, le 3 mai, la journ\u00e9e consacr\u00e9e \u00e0 la libert\u00e9 de presse, histoire de rendre hommage une fois de plus aux hommes de m\u00e9dias qui risquent la mort ou la prison dans l\u2019exercice de leur profession. Cette c\u00e9l\u00e9bration [\u2026]<\/p>\n<p>L\u2019article <a rel=\"nofollow\" href=\"https:\/\/lepays.bf\/journee-mondiale-de-la-liberte-de-presse-micro-camera-et-plume-a-lepreuve-du-pouvoir-kaki-en-afrique\/\">JOURNEE MONDIALE DE LA LIBERTE DE PRESSE : Micro, cam\u00e9ra et plume \u00e0 l\u2019\u00e9preuve du pouvoir kaki en Afrique<\/a> est apparu en premier sur <a rel=\"nofollow\" href=\"https:\/\/lepays.bf\/\">Editions Le Pays<\/a>.<\/p>\n<\/div>\n<p>Auteur: Editions LEPAYS<br \/>\n<a href=\"https:\/\/lepays.bf\/journee-mondiale-de-la-liberte-de-presse-micro-camera-et-plume-a-lepreuve-du-pouvoir-kaki-en-afrique\/\">Cliquez ici pour lire l&rsquo;article depuis sa source.<\/a><\/p>\n","protected":false},"excerpt":{"rendered":"<p>Comme tous les ans, le monde entier c\u00e9l\u00e8bre, le 3 mai, la journ\u00e9e consacr\u00e9e \u00e0 la libert\u00e9 de presse, histoire de rendre hommage une fois de plus aux hommes de m\u00e9dias qui risquent la mort ou la prison dans l\u2019exercice de leur profession. Cette c\u00e9l\u00e9bration [\u2026] L\u2019article JOURNEE MONDIALE DE LA LIBERTE DE PRESSE : [&hellip;]<\/p>\n","protected":false},"author":1813,"featured_media":0,"comment_status":"closed","ping_status":"closed","sticky":false,"template":"","format":"standard","meta":{"fifu_image_url":"https:\/\/lepays.bf\/wp-content\/uploads\/2022\/05\/mali.jpg","fifu_image_alt":"JOURNEE MONDIALE DE LA LIBERTE DE PRESSE : Micro, cam\u00e9ra et plume \u00e0 l\u2019\u00e9preuve du pouvoir kaki en Afrique","footnotes":""},"categories":[73,81],"tags":[],"class_list":["post-146767","post","type-post","status-publish","format-standard","hentry","category-actualite","category-burkina-faso"],"_links":{"self":[{"href":"https:\/\/linitiative.ca\/International\/wp-json\/wp\/v2\/posts\/146767","targetHints":{"allow":["GET"]}}],"collection":[{"href":"https:\/\/linitiative.ca\/International\/wp-json\/wp\/v2\/posts"}],"about":[{"href":"https:\/\/linitiative.ca\/International\/wp-json\/wp\/v2\/types\/post"}],"author":[{"embeddable":true,"href":"https:\/\/linitiative.ca\/International\/wp-json\/wp\/v2\/users\/1813"}],"replies":[{"embeddable":true,"href":"https:\/\/linitiative.ca\/International\/wp-json\/wp\/v2\/comments?post=146767"}],"version-history":[{"count":0,"href":"https:\/\/linitiative.ca\/International\/wp-json\/wp\/v2\/posts\/146767\/revisions"}],"wp:attachment":[{"href":"https:\/\/linitiative.ca\/International\/wp-json\/wp\/v2\/media?parent=146767"}],"wp:term":[{"taxonomy":"category","embeddable":true,"href":"https:\/\/linitiative.ca\/International\/wp-json\/wp\/v2\/categories?post=146767"},{"taxonomy":"post_tag","embeddable":true,"href":"https:\/\/linitiative.ca\/International\/wp-json\/wp\/v2\/tags?post=146767"}],"curies":[{"name":"wp","href":"https:\/\/api.w.org\/{rel}","templated":true}]}}