{"id":146769,"date":"2022-05-01T06:50:30","date_gmt":"2022-05-01T10:50:30","guid":{"rendered":"https:\/\/linitiative.ca\/International\/hauts-bassins-le-gouverneur-et-le-president-de-lalt-communient-avec-les-musulmans\/"},"modified":"2022-05-01T06:50:30","modified_gmt":"2022-05-01T10:50:30","slug":"hauts-bassins-le-gouverneur-et-le-president-de-lalt-communient-avec-les-musulmans","status":"publish","type":"post","link":"https:\/\/linitiative.ca\/International\/hauts-bassins-le-gouverneur-et-le-president-de-lalt-communient-avec-les-musulmans\/","title":{"rendered":"Hauts-Bassins\u00a0: le gouverneur et le pr\u00e9sident de l\u2019ALT communient avec les musulmans"},"content":{"rendered":"<div>\n<p><strong>Le gouverneur des Hauts-Bassins, le colonel Moussa Diallo, a organis\u00e9, le samedi 30 avril 2022 \u00e0 Bobo-Dioulasso, une rupture collective de je\u00fbne, au profit de la communaut\u00e9 musulmane de la r\u00e9gion. Cette occasion de pri\u00e8re et de b\u00e9n\u00e9dictions pour la paix au Burkina Faso a connu la pr\u00e9sence du pr\u00e9sident de l\u2019Assembl\u00e9e l\u00e9gislative de transition (ALT), le Pr Aboubacar Toguyeni.<\/strong><\/p>\n<p><strong>\u00a0<\/strong>La communaut\u00e9 musulmane de la r\u00e9gion des Hauts-Bassins, les autres confessions religieuses (chr\u00e9tiens, chefferie traditionnelle) et les directeurs r\u00e9gionaux se sont retrouv\u00e9s autour d\u2019un plat commun, dans la soir\u00e9e du samedi 30 avril 2022 au gouvernorat de Bobo-Dioulasso, pour rompre le je\u00fbne. A l\u2019initiative du gouverneur de la r\u00e9gion, le colonel Moussa Diallo, cette rupture collective a enregistr\u00e9 la pr\u00e9sence du pr\u00e9sident de l\u2019Assembl\u00e9e l\u00e9gislative de transition (ALT), le Pr Aboubacar Toguyeni. A l\u2019occasion, la communaut\u00e9 musulmane a pri\u00e9 pour la paix dans la Hauts-Bassins, mais aussi et surtout au Burkina Faso, confront\u00e9 depuis plus de 7 ans, \u00e0 une crise s\u00e9curitaire et humanitaire sans pr\u00e9c\u00e9dant. Pour le gouverneur de la r\u00e9gion, cette initiative vise \u00e0 raffermir les liens entre les diff\u00e9rentes communaut\u00e9s religieuses, mais aussi \u00e0 t\u00e9moigner \u00e0 la communaut\u00e9 musulmane, la solidarit\u00e9 et l\u2019accompagnement du gouvernorat dans cette p\u00e9riode de privation et d\u2019intercession. Pour sa part, le pr\u00e9sident de l\u2019ALT, a salu\u00e9 cette rupture collective de je\u00fbne qui, a-t-il estim\u00e9, contribue \u00e0 l\u2019union des fils et filles de la r\u00e9gion, quelle que soit leur appartenance religieuses. Le Pr Toguyeni a appel\u00e9 les musulmans et l\u2019ensemble des Burkinab\u00e8 \u00e0 la pri\u00e8re, mais aussi \u00e0 sensibiliser les uns et les autres et \u00e0 soutenir le gouvernement pour lutter contre le terrorisme. \u00ab\u00a0<em>J\u2019ai foi que nous allons prendre le dessus sur les forces du mal. Parce que si on est uni et d\u00e9termin\u00e9, nous pouvons soulever des montages<\/em>\u00a0\u00bb, a-t-il lanc\u00e9 en r\u00e9sum\u00e9.<\/p>\n<p><strong>JMT<\/strong><\/p>\n<p>L\u2019article <a rel=\"nofollow\" href=\"https:\/\/www.sidwaya.info\/blog\/2022\/05\/01\/hauts-bassins-le-gouverneur-et-le-president-de-lalt-communient-avec-les-musulmans\/\">Hauts-Bassins\u00a0: le gouverneur et le pr\u00e9sident de l\u2019ALT communient avec les musulmans<\/a> est apparu en premier sur <a rel=\"nofollow\" href=\"https:\/\/www.sidwaya.info\/\">Quotidien Sidwaya<\/a>.<\/p>\n<\/div>\n<p>Auteur: BS. Sidwaya<br \/>\n<a href=\"https:\/\/www.sidwaya.info\/blog\/2022\/05\/01\/hauts-bassins-le-gouverneur-et-le-president-de-lalt-communient-avec-les-musulmans\/?utm_source=rss&#038;utm_medium=rss&#038;utm_campaign=hauts-bassins-le-gouverneur-et-le-president-de-lalt-communient-avec-les-musulmans\">Cliquez ici pour lire l&rsquo;article depuis sa source.<\/a><\/p>\n","protected":false},"excerpt":{"rendered":"<p>Le gouverneur des Hauts-Bassins, le colonel Moussa Diallo, a organis\u00e9, le samedi 30 avril 2022 \u00e0 Bobo-Dioulasso, une rupture collective de je\u00fbne, au profit de la communaut\u00e9 musulmane de la r\u00e9gion. Cette occasion de pri\u00e8re et de b\u00e9n\u00e9dictions pour la paix au Burkina Faso a connu la pr\u00e9sence du pr\u00e9sident de l\u2019Assembl\u00e9e l\u00e9gislative de transition [&hellip;]<\/p>\n","protected":false},"author":1816,"featured_media":0,"comment_status":"closed","ping_status":"closed","sticky":false,"template":"","format":"standard","meta":{"fifu_image_url":"","fifu_image_alt":"","footnotes":""},"categories":[73,81],"tags":[],"class_list":["post-146769","post","type-post","status-publish","format-standard","hentry","category-actualite","category-burkina-faso"],"_links":{"self":[{"href":"https:\/\/linitiative.ca\/International\/wp-json\/wp\/v2\/posts\/146769","targetHints":{"allow":["GET"]}}],"collection":[{"href":"https:\/\/linitiative.ca\/International\/wp-json\/wp\/v2\/posts"}],"about":[{"href":"https:\/\/linitiative.ca\/International\/wp-json\/wp\/v2\/types\/post"}],"author":[{"embeddable":true,"href":"https:\/\/linitiative.ca\/International\/wp-json\/wp\/v2\/users\/1816"}],"replies":[{"embeddable":true,"href":"https:\/\/linitiative.ca\/International\/wp-json\/wp\/v2\/comments?post=146769"}],"version-history":[{"count":0,"href":"https:\/\/linitiative.ca\/International\/wp-json\/wp\/v2\/posts\/146769\/revisions"}],"wp:attachment":[{"href":"https:\/\/linitiative.ca\/International\/wp-json\/wp\/v2\/media?parent=146769"}],"wp:term":[{"taxonomy":"category","embeddable":true,"href":"https:\/\/linitiative.ca\/International\/wp-json\/wp\/v2\/categories?post=146769"},{"taxonomy":"post_tag","embeddable":true,"href":"https:\/\/linitiative.ca\/International\/wp-json\/wp\/v2\/tags?post=146769"}],"curies":[{"name":"wp","href":"https:\/\/api.w.org\/{rel}","templated":true}]}}