{"id":146770,"date":"2022-05-01T07:21:39","date_gmt":"2022-05-01T11:21:39","guid":{"rendered":"https:\/\/linitiative.ca\/International\/religion-et-cohesion-sociale-une-rupture-collective-de-jeune-a-toma\/"},"modified":"2022-05-01T07:21:39","modified_gmt":"2022-05-01T11:21:39","slug":"religion-et-cohesion-sociale-une-rupture-collective-de-jeune-a-toma","status":"publish","type":"post","link":"https:\/\/linitiative.ca\/International\/religion-et-cohesion-sociale-une-rupture-collective-de-jeune-a-toma\/","title":{"rendered":"Religion et coh\u00e9sion sociale\u00a0: une rupture \u00a0collective de je\u00fbne \u00e0 Toma"},"content":{"rendered":"<div>\n<p><strong>Le chef de canton de Toma, Emile Par\u00e9, en collaboration avec son neveu, le \u00ab\u00a0<em>Douti<\/em>\u00a0\u00bb (chef) de Kisson, Somozena Hilaire Ki,<\/strong> <strong>ont organis\u00e9, le vendredi 29 avril 2022, une rupture commune de je\u00fbne. Les autorit\u00e9s administratives provinciales, l\u2019ex ministre de l\u2019urbanisme et de l\u2019habitat, Dieudonn\u00e9 Bonanet et les responsables des autres confessions religieuses ont particip\u00e9 au repas collectif.<\/strong><\/p>\n<p><strong>\u00a0<\/strong>Il est 18h \u00e0 Toma, ce vendredi 29 avril 2022. Dans la cour du \u00ab\u00a0<em>Sanabolo<\/em>\u00a0\u00bb, l\u2019\u00e9tage du chef de canton du Toma, musulmans, chr\u00e9tiens et coutumiers commencent \u00e0 arriver. Comme eux, le chef de Kisson, la haut-commissaire du Nayala, Mariamou Konat\u00e9, l\u2019ex ministre de l\u2019habitat, Dieudonn\u00e9 Bonan\u00e9, les directeurs et chefs de services provinciaux y ont \u00e9galement fait le d\u00e9placement, \u00e0 l\u2019occasion d\u2019une rupture collective du je\u00fbne. Apr\u00e8s des b\u00e9n\u00e9dictions qui ont suivi la lev\u00e9e des verres, l\u2019imam, Lassina Par\u00e9, fils de la famille royale, a invit\u00e9 les fid\u00e8les \u00e0 la pri\u00e8re et \u00e0 l\u2019acceptation de l\u2019autre. Pour sa part, le Pasteur Karim Idi\u00e9n\u00e9, au nom des chr\u00e9tiens, faisant allusion \u00e0 un roi d\u2019Isra\u00ebl qui aimait son peuple, a pr\u00e9cis\u00e9 qu\u2019il faut que tout dirigeant et celui de Kisson se dotent de bonnes techniques pour gouverner son peuple. Le doyen d\u2019\u00e2ge de la famille Par\u00e9 a demand\u00e9 au Seigneur une long\u00e9vit\u00e9 pour le chef de Kisson, leur neveu.<\/p>\n<p>Douti Somozena Hilaire Ki, a remerci\u00e9 les diff\u00e9rentes autorit\u00e9s et communaut\u00e9s musulmanes, parce que dit-il, il n\u2019y a de d\u00e9veloppement si le vivre ensemble n\u2019est pas le cr\u00e9do de tous. Le chef de canton de Toma a aussi exprim\u00e9 sa gratitude a son neveux pour son geste. Il a reconnu la maturit\u00e9 de son neveu et lui a souhait\u00e9 une longue vie dans son r\u00e8gne.<\/p>\n<p>Mme le haut-commissaire du Nayala, Mariamou Konat\u00e9, a salu\u00e9 l\u2019initiative. Pour elle, la coh\u00e9sion sociale est la seule chose dont a besoin le Burkina Faso. Elle a donc f\u00e9licit\u00e9 les acteurs tout en invitant les Nayalais \u00e0 l\u2019union afin de pr\u00e9server le vivre ensemble.<\/p>\n<p><strong>Tigiane Antoine KI<\/strong><\/p>\n<p>L\u2019article <a rel=\"nofollow\" href=\"https:\/\/www.sidwaya.info\/blog\/2022\/05\/01\/religion-et-cohesion-sociale-une-rupture-collective-de-jeune-a-toma\/\">Religion et coh\u00e9sion sociale\u00a0: une rupture \u00a0collective de je\u00fbne \u00e0 Toma<\/a> est apparu en premier sur <a rel=\"nofollow\" href=\"https:\/\/www.sidwaya.info\/\">Quotidien Sidwaya<\/a>.<\/p>\n<\/div>\n<p>Auteur: BS. Sidwaya<br \/>\n<a href=\"https:\/\/www.sidwaya.info\/blog\/2022\/05\/01\/religion-et-cohesion-sociale-une-rupture-collective-de-jeune-a-toma\/?utm_source=rss&#038;utm_medium=rss&#038;utm_campaign=religion-et-cohesion-sociale-une-rupture-collective-de-jeune-a-toma\">Cliquez ici pour lire l&rsquo;article depuis sa source.<\/a><\/p>\n","protected":false},"excerpt":{"rendered":"<p>Le chef de canton de Toma, Emile Par\u00e9, en collaboration avec son neveu, le \u00ab\u00a0Douti\u00a0\u00bb (chef) de Kisson, Somozena Hilaire Ki, ont organis\u00e9, le vendredi 29 avril 2022, une rupture commune de je\u00fbne. Les autorit\u00e9s administratives provinciales, l\u2019ex ministre de l\u2019urbanisme et de l\u2019habitat, Dieudonn\u00e9 Bonanet et les responsables des autres confessions religieuses ont particip\u00e9 [&hellip;]<\/p>\n","protected":false},"author":1816,"featured_media":0,"comment_status":"closed","ping_status":"closed","sticky":false,"template":"","format":"standard","meta":{"fifu_image_url":"","fifu_image_alt":"","footnotes":""},"categories":[73,81],"tags":[],"class_list":["post-146770","post","type-post","status-publish","format-standard","hentry","category-actualite","category-burkina-faso"],"_links":{"self":[{"href":"https:\/\/linitiative.ca\/International\/wp-json\/wp\/v2\/posts\/146770","targetHints":{"allow":["GET"]}}],"collection":[{"href":"https:\/\/linitiative.ca\/International\/wp-json\/wp\/v2\/posts"}],"about":[{"href":"https:\/\/linitiative.ca\/International\/wp-json\/wp\/v2\/types\/post"}],"author":[{"embeddable":true,"href":"https:\/\/linitiative.ca\/International\/wp-json\/wp\/v2\/users\/1816"}],"replies":[{"embeddable":true,"href":"https:\/\/linitiative.ca\/International\/wp-json\/wp\/v2\/comments?post=146770"}],"version-history":[{"count":0,"href":"https:\/\/linitiative.ca\/International\/wp-json\/wp\/v2\/posts\/146770\/revisions"}],"wp:attachment":[{"href":"https:\/\/linitiative.ca\/International\/wp-json\/wp\/v2\/media?parent=146770"}],"wp:term":[{"taxonomy":"category","embeddable":true,"href":"https:\/\/linitiative.ca\/International\/wp-json\/wp\/v2\/categories?post=146770"},{"taxonomy":"post_tag","embeddable":true,"href":"https:\/\/linitiative.ca\/International\/wp-json\/wp\/v2\/tags?post=146770"}],"curies":[{"name":"wp","href":"https:\/\/api.w.org\/{rel}","templated":true}]}}