{"id":146780,"date":"2022-05-01T09:18:03","date_gmt":"2022-05-01T13:18:03","guid":{"rendered":"https:\/\/linitiative.ca\/International\/burkina-la-justice-maintient-le-colonel-zoungrana-en-prison\/"},"modified":"2022-05-01T09:18:03","modified_gmt":"2022-05-01T13:18:03","slug":"burkina-la-justice-maintient-le-colonel-zoungrana-en-prison","status":"publish","type":"post","link":"https:\/\/linitiative.ca\/International\/burkina-la-justice-maintient-le-colonel-zoungrana-en-prison\/","title":{"rendered":"Burkina : la justice maintient le colonel Zoungrana en prison"},"content":{"rendered":"<div>\n<p><img decoding=\"async\" width=\"581\" height=\"329\" src=\"https:\/\/linitiative.ca\/International\/wp-content\/uploads\/sites\/23\/2022\/05\/16514110834800.jpg\" class=\"attachment-post-thumbnail size-post-thumbnail wp-post-image\" alt=\"\" loading=\"lazy\" srcset=\"https:\/\/linitiative.ca\/International\/wp-content\/uploads\/sites\/23\/2022\/05\/16514110834800.jpg 581w, https:\/\/www.journalducameroun.com\/wp-content\/uploads\/2022\/05\/16514110834800-300x170.jpg 300w, https:\/\/www.journalducameroun.com\/wp-content\/uploads\/2022\/05\/16514110834800-780x440.jpg 780w, https:\/\/www.journalducameroun.com\/wp-content\/uploads\/2022\/05\/16514110834800-380x215.jpg 380w, https:\/\/www.journalducameroun.com\/wp-content\/uploads\/2022\/05\/16514110834800-160x90.jpg 160w, https:\/\/www.journalducameroun.com\/wp-content\/uploads\/2022\/05\/16514110834800-240x135.jpg 240w\" sizes=\"auto, (max-width: 581px) 100vw, 581px\"><\/p>\n<p>La chambre de contr\u00f4le du tribunal militaire de Ouagadougou a rejet\u00e9 la demande de libert\u00e9 provisoire du Lieutenant-colonel Emmanuel Zoungrana.L&rsquo;officier-\u00e9crivain a \u00e9t\u00e9 mis aux arr\u00eats le 10 janvier dernier avec huit autres militaires. Ils sont suspect\u00e9s par les autorit\u00e9s de Ouagadougou d&rsquo;avoir pr\u00e9par\u00e9 une tentative de coup d&rsquo;Etat contre le pr\u00e9sident d&rsquo;alors Roch Marc Christian Kabor\u00e9.\u00a0<\/p>\n<p>Le lieutenant-colonel Zoungrana pr\u00e9sum\u00e9 cerveau de l&rsquo;op\u00e9ration est poursuivi pour \u00ab d\u00e9stabilisation des institutions et blanchiment de capitaux \u00bb.<\/p>\n<p>Il avait \u00e9t\u00e9 dans un premier temps lib\u00e9r\u00e9 en f\u00e9vrier dernier par la chambre de contr\u00f4le du tribunal de Ouagadougou.\u00a0Mais la d\u00e9cision a \u00e9t\u00e9 cass\u00e9e\u00a0\u00a0par le tribunal militaire de Ouagadougou qui a ordonn\u00e9 \u00e0 nouveau sa mise en d\u00e9tention.\u00a0<\/p>\n<p>Cet article <a rel=\"nofollow\" href=\"https:\/\/www.journalducameroun.com\/burkina-la-justice-maintient-le-colonel-zoungrana-en-prison\/\">Burkina : la justice maintient le colonel Zoungrana en prison<\/a> est apparu en premier sur <a rel=\"nofollow\" href=\"https:\/\/www.journalducameroun.com\/\">Journal du Cameroun<\/a>.<\/p>\n<\/div>\n<p>Auteur: APA News<br \/>\n<a href=\"https:\/\/www.journalducameroun.com\/burkina-la-justice-maintient-le-colonel-zoungrana-en-prison\/\">Cliquez ici pour lire l&rsquo;article depuis sa source.<\/a><\/p>\n","protected":false},"excerpt":{"rendered":"<p>La chambre de contr\u00f4le du tribunal militaire de Ouagadougou a rejet\u00e9 la demande de libert\u00e9 provisoire du Lieutenant-colonel Emmanuel Zoungrana.L&rsquo;officier-\u00e9crivain a \u00e9t\u00e9 mis aux arr\u00eats le 10 janvier dernier avec huit autres militaires. Ils sont suspect\u00e9s par les autorit\u00e9s de Ouagadougou d&rsquo;avoir pr\u00e9par\u00e9 une tentative de coup d&rsquo;Etat contre le pr\u00e9sident d&rsquo;alors Roch Marc Christian [&hellip;]<\/p>\n","protected":false},"author":1965,"featured_media":0,"comment_status":"closed","ping_status":"closed","sticky":false,"template":"","format":"standard","meta":{"fifu_image_url":"https:\/\/www.journalducameroun.com\/wp-content\/uploads\/2022\/05\/16514110834800.jpg","fifu_image_alt":"Burkina : la justice maintient le colonel Zoungrana en prison","footnotes":""},"categories":[73,82],"tags":[],"class_list":["post-146780","post","type-post","status-publish","format-standard","hentry","category-actualite","category-cameroun"],"_links":{"self":[{"href":"https:\/\/linitiative.ca\/International\/wp-json\/wp\/v2\/posts\/146780","targetHints":{"allow":["GET"]}}],"collection":[{"href":"https:\/\/linitiative.ca\/International\/wp-json\/wp\/v2\/posts"}],"about":[{"href":"https:\/\/linitiative.ca\/International\/wp-json\/wp\/v2\/types\/post"}],"author":[{"embeddable":true,"href":"https:\/\/linitiative.ca\/International\/wp-json\/wp\/v2\/users\/1965"}],"replies":[{"embeddable":true,"href":"https:\/\/linitiative.ca\/International\/wp-json\/wp\/v2\/comments?post=146780"}],"version-history":[{"count":0,"href":"https:\/\/linitiative.ca\/International\/wp-json\/wp\/v2\/posts\/146780\/revisions"}],"wp:attachment":[{"href":"https:\/\/linitiative.ca\/International\/wp-json\/wp\/v2\/media?parent=146780"}],"wp:term":[{"taxonomy":"category","embeddable":true,"href":"https:\/\/linitiative.ca\/International\/wp-json\/wp\/v2\/categories?post=146780"},{"taxonomy":"post_tag","embeddable":true,"href":"https:\/\/linitiative.ca\/International\/wp-json\/wp\/v2\/tags?post=146780"}],"curies":[{"name":"wp","href":"https:\/\/api.w.org\/{rel}","templated":true}]}}