{"id":146785,"date":"2022-05-02T09:50:54","date_gmt":"2022-05-02T13:50:54","guid":{"rendered":"https:\/\/linitiative.ca\/International\/selon-lenquete-mensuelle-de-conjoncture-de-bank-al-maghrib-industrie-les-chefs-dentreprises-plutot-optimistes\/"},"modified":"2022-05-02T09:50:54","modified_gmt":"2022-05-02T13:50:54","slug":"selon-lenquete-mensuelle-de-conjoncture-de-bank-al-maghrib-industrie-les-chefs-dentreprises-plutot-optimistes","status":"publish","type":"post","link":"https:\/\/linitiative.ca\/International\/selon-lenquete-mensuelle-de-conjoncture-de-bank-al-maghrib-industrie-les-chefs-dentreprises-plutot-optimistes\/","title":{"rendered":"Selon l\u2019enqu\u00eate mensuelle de conjoncture de Bank Al-Maghrib : Industrie, les chefs d\u2019entreprises \u00abplut\u00f4t optimistes\u00bb"},"content":{"rendered":"<div>\n<p><img decoding=\"async\" width=\"300\" height=\"153\" src=\"https:\/\/linitiative.ca\/International\/wp-content\/uploads\/sites\/23\/2022\/05\/Usine-Industrie-300x153-1.jpg\" class=\"attachment-medium size-medium wp-post-image\" alt=\"\" loading=\"lazy\" srcset=\"https:\/\/linitiative.ca\/International\/wp-content\/uploads\/sites\/23\/2022\/05\/Usine-Industrie-300x153-1.jpg 300w, https:\/\/aujourdhui.ma\/wp-content\/uploads\/2022\/05\/Usine-Industrie-274x140.jpg 274w, https:\/\/aujourdhui.ma\/wp-content\/uploads\/2022\/05\/Usine-Industrie.jpg 746w, https:\/\/aujourdhui.ma\/wp-content\/uploads\/2022\/05\/Usine-Industrie-165x84.jpg 165w, https:\/\/aujourdhui.ma\/wp-content\/uploads\/2022\/05\/Usine-Industrie-702x358.jpg 702w\" sizes=\"auto, (max-width: 300px) 100vw, 300px\"><\/p>\n<p><span style=\"font-size: 20px; color: #800000;\"><strong>Les carnets de commandes sont \u00e0 un niveau inf\u00e9rieur \u00e0 la normale dans toutes les branches d\u2019activit\u00e9, except\u00e9 pour le \u00abtextile et cuir\u00bb et la \u00abm\u00e9canique et m\u00e9tallurgie\u00bb o\u00f9 ils sont \u00e0 un niveau normal.<\/strong> <\/span><span id=\"more-406699\"><\/span><\/p>\n<p>L\u2019activit\u00e9 industrielle poursuit sa progression d\u2019un mois \u00e0 l\u2019autre. A en croire les r\u00e9sultats de l\u2019enqu\u00eate mensuelle de conjoncture de Bank Al-Maghrib au titre du mois de mars 2022, la production et les ventes sont en am\u00e9lioration dans toutes les branches \u00e0 l\u2019exception de l\u2019\u00ab\u00e9lectrique et \u00e9lectronique\u00bb o\u00f9 elles sont en retrait. Partant de l\u00e0, le Taux d\u2019utilisation des capacit\u00e9s de production (TUC) se serait \u00e9tabli \u00e0 72%, en l\u00e9g\u00e8re hausse en comparaison avec le mois pr\u00e9c\u00e9dent. Il en ressort une croissance des commandes pour l\u2019ensemble des branches d\u2019activit\u00e9. En revanche, les carnets de commandes sont \u00e0 un niveau inf\u00e9rieur \u00e0 la normale dans toutes les branches d\u2019activit\u00e9, except\u00e9 pour le \u00abtextile et cuir\u00bb et la \u00abm\u00e9canique et m\u00e9tallurgie\u00bb o\u00f9 ils sont \u00e0 un niveau normal.<\/p>\n<p>Concernant les perspectives d\u2019activit\u00e9 au deuxi\u00e8me trimestre 2022, \u00ables entreprises sont plut\u00f4t optimistes et s\u2019attendent \u00e0 une am\u00e9lioration de l\u2019activit\u00e9 malgr\u00e9 les incertitudes. En effet, 28% des entreprises n\u2019ont pas de visibilit\u00e9 quant \u00e0 l\u2019\u00e9volution de la production et 35% pour ce qui est des ventes\u00bb, pr\u00e9cise la m\u00eame source. Par branche d\u2019activit\u00e9, la production dans l\u2019\u00abagroalimentaire\u00bb aurait augment\u00e9.<\/p>\n<p>Le Taux d\u2019utilisation des capacit\u00e9s de production s\u2019\u00e9l\u00e8ve \u00e0 68% au mois de mars 2022. De m\u00eame, les ventes sont en hausse recouvrant un accroissement des ventes locales et un recul des exp\u00e9ditions \u00e0 l\u2019\u00e9tranger. Pour leur part, les commandes auraient progress\u00e9, avec un carnet qui se serait situ\u00e9 par ailleurs \u00e0 un niveau inf\u00e9rieur \u00e0 la normale. En termes de perspectives, plus de 40% des entreprises d\u00e9clarent ne pas avoir de visibilit\u00e9 quant \u00e0 l\u2019\u00e9volution future de la production et des ventes pour les trois mois qui suivent. Du c\u00f4t\u00e9 de la branche \u00abtextile et cuir\u00bb, sa production affiche une hausse durant le mois de mars et le TUC se serait \u00e9tabli \u00e0 71%. \u00abLes ventes auraient enregistr\u00e9 une augmentation dans l\u2019ensemble des sous-branches \u00e0 l\u2019exception de l\u2019\u00abindustrie textile\u00bb o\u00f9 elles auraient plut\u00f4t baiss\u00e9\u00bb, explique l\u2019enqu\u00eate de Bank Al-Maghrib soulignant que par destination, elles auraient progress\u00e9 sur le march\u00e9 \u00e9tranger et stagn\u00e9 sur le march\u00e9 local.<\/p>\n<p><img loading=\"lazy\" decoding=\"async\" class=\"aligncenter size-full wp-image-406700\" src=\"https:\/\/linitiative.ca\/International\/wp-content\/uploads\/sites\/23\/2022\/05\/Industrie.jpg\" alt=\"\" width=\"562\" height=\"374\" srcset=\"https:\/\/linitiative.ca\/International\/wp-content\/uploads\/sites\/23\/2022\/05\/Industrie.jpg 562w, https:\/\/aujourdhui.ma\/wp-content\/uploads\/2022\/05\/Industrie-300x200.jpg 300w, https:\/\/aujourdhui.ma\/wp-content\/uploads\/2022\/05\/Industrie-80x54.jpg 80w, https:\/\/aujourdhui.ma\/wp-content\/uploads\/2022\/05\/Industrie-130x87.jpg 130w, https:\/\/aujourdhui.ma\/wp-content\/uploads\/2022\/05\/Industrie-359x240.jpg 359w, https:\/\/aujourdhui.ma\/wp-content\/uploads\/2022\/05\/Industrie-85x57.jpg 85w, https:\/\/aujourdhui.ma\/wp-content\/uploads\/2022\/05\/Industrie-112x75.jpg 112w, https:\/\/aujourdhui.ma\/wp-content\/uploads\/2022\/05\/Industrie-179x120.jpg 179w, https:\/\/aujourdhui.ma\/wp-content\/uploads\/2022\/05\/Industrie-170x113.jpg 170w, https:\/\/aujourdhui.ma\/wp-content\/uploads\/2022\/05\/Industrie-81x55.jpg 81w, https:\/\/aujourdhui.ma\/wp-content\/uploads\/2022\/05\/Industrie-765x510.jpg 765w\" sizes=\"auto, (max-width: 562px) 100vw, 562px\"><\/p>\n<p>Pour ce qui est des commandes, elles se seraient accrues avec un carnet qui se serait situ\u00e9 \u00e0 un niveau normal. Pour l\u2019avenir, les chefs d\u2019entreprises s\u2019attendent \u00e0 une am\u00e9lioration de la production et une baisse des ventes durant les trois prochains mois. En revanche plus d\u2019une entreprise sur cinq n\u2019a pas de visibilit\u00e9 quant \u00e0 l\u2019\u00e9volution future de la production et des ventes.<\/p>\n<p>Au titre du mois de mars 2022, la production dans la \u00abchimie et parachimie\u00bb est en croissance avec un TUC qui atteint 73% par rapport au mois pr\u00e9c\u00e9dent. Dans cette dynamique, les ventes sont en progression aussi bien sur le march\u00e9 local qu\u2019\u00e9tranger. Pareillement, les commandes sont en croissance, avec un carnet qui se serait situ\u00e9 \u00e0 un niveau inf\u00e9rieur \u00e0 la normale. Pour les trois mois qui arrivent, les chefs d\u2019entreprises s\u2019attendent \u00e0 une hausse de la production et des ventes. S\u2019agissant de la branche \u00abm\u00e9canique et m\u00e9tallurgie\u00bb, une hausse de la production aurait \u00e9t\u00e9 enregistr\u00e9e en mars, avec un TUC de 78%.<\/p>\n<p>Les ventes, quant \u00e0 elles, sont en progression aussi bien sur le march\u00e9 local qu\u2019\u00e9tranger. Les commandes sont au rendez-vous. Elles sont en am\u00e9lioration avec un carnet de commandes s\u2019\u00e9tablissant \u00e0 un niveau normal. Pour les trois prochains mois, 41% des industriels de cette branche d\u2019activit\u00e9 anticipent des incertitudes sur l\u2019\u00e9volution future de la production et 69% pour ce qui est des ventes. Concernant la branche \u00ab\u00e9lectrique et \u00e9lectronique\u00bb,elle d\u00e9voile une production en baisse au mois de mars 2022 et un TUC s\u2019\u00e9tablissant \u00e0 66%. Pour l\u2019industrie \u00ab\u00e9lectrique et \u00e9lectronique\u00bb, les ventes sont en baisse. Cette \u00e9volution est due \u00e0 leur baisse sur le march\u00e9 local. Les exp\u00e9ditions \u00e0 l\u2019\u00e9tranger sont en revanche en hausse. Du c\u00f4t\u00e9 des commandes, elles sont en progression avec un carnet qui se serait situ\u00e9 \u00e0 un niveau inf\u00e9rieur \u00e0 la normale. Pour les trois prochains mois, les patrons s\u2019attendent \u00e0 une am\u00e9lioration de la production et des ventes.<\/p>\n<\/div>\n<p>Auteur: Ouchagour Leila<br \/>\n<a href=\"https:\/\/aujourdhui.ma\/economie\/selon-lenquete-mensuelle-de-conjoncture-de-bank-al-maghrib-industrie-les-chefs-dentreprises-plutot-optimistes\">Cliquez ici pour lire l&rsquo;article depuis sa source.<\/a><\/p>\n","protected":false},"excerpt":{"rendered":"<p>Les carnets de commandes sont \u00e0 un niveau inf\u00e9rieur \u00e0 la normale dans toutes les branches d\u2019activit\u00e9, except\u00e9 pour le \u00abtextile et cuir\u00bb et la \u00abm\u00e9canique et m\u00e9tallurgie\u00bb o\u00f9 ils sont \u00e0 un niveau normal. L\u2019activit\u00e9 industrielle poursuit sa progression d\u2019un mois \u00e0 l\u2019autre. A en croire les r\u00e9sultats de l\u2019enqu\u00eate mensuelle de conjoncture de [&hellip;]<\/p>\n","protected":false},"author":1759,"featured_media":0,"comment_status":"closed","ping_status":"closed","sticky":false,"template":"","format":"standard","meta":{"fifu_image_url":"https:\/\/aujourdhui.ma\/wp-content\/uploads\/2022\/05\/Usine-Industrie-300x153.jpg","fifu_image_alt":"Selon l\u2019enqu\u00eate mensuelle de conjoncture de Bank Al-Maghrib : Industrie, les chefs d\u2019entreprises \u00abplut\u00f4t optimistes\u00bb","footnotes":""},"categories":[73,54],"tags":[],"class_list":["post-146785","post","type-post","status-publish","format-standard","hentry","category-actualite","category-maroc"],"_links":{"self":[{"href":"https:\/\/linitiative.ca\/International\/wp-json\/wp\/v2\/posts\/146785","targetHints":{"allow":["GET"]}}],"collection":[{"href":"https:\/\/linitiative.ca\/International\/wp-json\/wp\/v2\/posts"}],"about":[{"href":"https:\/\/linitiative.ca\/International\/wp-json\/wp\/v2\/types\/post"}],"author":[{"embeddable":true,"href":"https:\/\/linitiative.ca\/International\/wp-json\/wp\/v2\/users\/1759"}],"replies":[{"embeddable":true,"href":"https:\/\/linitiative.ca\/International\/wp-json\/wp\/v2\/comments?post=146785"}],"version-history":[{"count":0,"href":"https:\/\/linitiative.ca\/International\/wp-json\/wp\/v2\/posts\/146785\/revisions"}],"wp:attachment":[{"href":"https:\/\/linitiative.ca\/International\/wp-json\/wp\/v2\/media?parent=146785"}],"wp:term":[{"taxonomy":"category","embeddable":true,"href":"https:\/\/linitiative.ca\/International\/wp-json\/wp\/v2\/categories?post=146785"},{"taxonomy":"post_tag","embeddable":true,"href":"https:\/\/linitiative.ca\/International\/wp-json\/wp\/v2\/tags?post=146785"}],"curies":[{"name":"wp","href":"https:\/\/api.w.org\/{rel}","templated":true}]}}