{"id":146788,"date":"2022-05-02T09:52:25","date_gmt":"2022-05-02T13:52:25","guid":{"rendered":"https:\/\/linitiative.ca\/International\/alerte-meteo-fortes-pluies-orageuses-ce-mardi\/"},"modified":"2022-05-02T09:52:25","modified_gmt":"2022-05-02T13:52:25","slug":"alerte-meteo-fortes-pluies-orageuses-ce-mardi","status":"publish","type":"post","link":"https:\/\/linitiative.ca\/International\/alerte-meteo-fortes-pluies-orageuses-ce-mardi\/","title":{"rendered":"Alerte m\u00e9t\u00e9o : Fortes pluies orageuses ce mardi"},"content":{"rendered":"<div>\n<p><img decoding=\"async\" width=\"300\" height=\"153\" src=\"https:\/\/linitiative.ca\/International\/wp-content\/uploads\/sites\/23\/2022\/05\/pluie-maroc-300x153-1.jpg\" class=\"attachment-medium size-medium wp-post-image\" alt=\"\" loading=\"lazy\" srcset=\"https:\/\/linitiative.ca\/International\/wp-content\/uploads\/sites\/23\/2022\/05\/pluie-maroc-300x153-1.jpg 300w, https:\/\/aujourdhui.ma\/wp-content\/uploads\/2019\/03\/pluie-maroc.jpg 746w\" sizes=\"auto, (max-width: 300px) 100vw, 300px\"><\/p>\n<p><span style=\"font-size: 20px; color: #800000;\"><strong>De fortes pluies localement orageuses sont pr\u00e9vues mardi dans plusieurs provinces du Royaume, a annonc\u00e9 lundi la Direction g\u00e9n\u00e9rale de la m\u00e9t\u00e9orologie (DGM).<\/strong><\/span><span id=\"more-406788\"><\/span><\/p>\n<p>Ainsi, des pluies de 30 \u00e0 50 millim\u00e8tres (mm) sont attendues mardi de 04H \u00e0 14H \u00e0 Ouezzane, Larache et Chefchaouen, a indiqu\u00e9 la DGM dans un bulletin d\u2019alerte de niveau de vigilance orange.<\/p>\n<p>Pour leur part, les villes de Sal\u00e9, K\u00e9nitra et Rabat conna\u00eetront des pluies de 20 \u00e0 25 mm, mardi de 05H \u00e0 14H, a pr\u00e9cis\u00e9 la m\u00eame source.<\/p>\n<p>Des pluies (20-35 mm) s\u2019abattront mardi de 12H \u00e0 21hH sur les villes d\u2019Al Hoceima, de Guercif, Taourirt, Taza, Boulemane, Mekn\u00e8s, d\u2019El Hajeb, de Sidi Slimane, Sidi Kacem et Khemisset, d\u2019apr\u00e8s le bulletin d\u2019alerte.<\/p>\n<\/div>\n<p>Auteur: ALM<br \/>\n<a href=\"https:\/\/aujourdhui.ma\/societe\/alerte-meteo-fortes-pluies-orageuses-ce-mardi\">Cliquez ici pour lire l&rsquo;article depuis sa source.<\/a><\/p>\n","protected":false},"excerpt":{"rendered":"<p>De fortes pluies localement orageuses sont pr\u00e9vues mardi dans plusieurs provinces du Royaume, a annonc\u00e9 lundi la Direction g\u00e9n\u00e9rale de la m\u00e9t\u00e9orologie (DGM). Ainsi, des pluies de 30 \u00e0 50 millim\u00e8tres (mm) sont attendues mardi de 04H \u00e0 14H \u00e0 Ouezzane, Larache et Chefchaouen, a indiqu\u00e9 la DGM dans un bulletin d\u2019alerte de niveau de [&hellip;]<\/p>\n","protected":false},"author":1759,"featured_media":0,"comment_status":"closed","ping_status":"closed","sticky":false,"template":"","format":"standard","meta":{"fifu_image_url":"https:\/\/aujourdhui.ma\/wp-content\/uploads\/2019\/03\/pluie-maroc-300x153.jpg","fifu_image_alt":"Alerte m\u00e9t\u00e9o : Fortes pluies orageuses ce mardi","footnotes":""},"categories":[73,54],"tags":[],"class_list":["post-146788","post","type-post","status-publish","format-standard","hentry","category-actualite","category-maroc"],"_links":{"self":[{"href":"https:\/\/linitiative.ca\/International\/wp-json\/wp\/v2\/posts\/146788","targetHints":{"allow":["GET"]}}],"collection":[{"href":"https:\/\/linitiative.ca\/International\/wp-json\/wp\/v2\/posts"}],"about":[{"href":"https:\/\/linitiative.ca\/International\/wp-json\/wp\/v2\/types\/post"}],"author":[{"embeddable":true,"href":"https:\/\/linitiative.ca\/International\/wp-json\/wp\/v2\/users\/1759"}],"replies":[{"embeddable":true,"href":"https:\/\/linitiative.ca\/International\/wp-json\/wp\/v2\/comments?post=146788"}],"version-history":[{"count":0,"href":"https:\/\/linitiative.ca\/International\/wp-json\/wp\/v2\/posts\/146788\/revisions"}],"wp:attachment":[{"href":"https:\/\/linitiative.ca\/International\/wp-json\/wp\/v2\/media?parent=146788"}],"wp:term":[{"taxonomy":"category","embeddable":true,"href":"https:\/\/linitiative.ca\/International\/wp-json\/wp\/v2\/categories?post=146788"},{"taxonomy":"post_tag","embeddable":true,"href":"https:\/\/linitiative.ca\/International\/wp-json\/wp\/v2\/tags?post=146788"}],"curies":[{"name":"wp","href":"https:\/\/api.w.org\/{rel}","templated":true}]}}