{"id":146790,"date":"2022-05-02T10:45:06","date_gmt":"2022-05-02T14:45:06","guid":{"rendered":"https:\/\/linitiative.ca\/International\/credit-du-maroc-ismail-fassi-fihri-demissionne\/"},"modified":"2022-05-02T10:45:06","modified_gmt":"2022-05-02T14:45:06","slug":"credit-du-maroc-ismail-fassi-fihri-demissionne","status":"publish","type":"post","link":"https:\/\/linitiative.ca\/International\/credit-du-maroc-ismail-fassi-fihri-demissionne\/","title":{"rendered":"Cr\u00e9dit du Maroc : Ismail Fassi-Fihri d\u00e9missionne"},"content":{"rendered":"<div>\n<p><img decoding=\"async\" width=\"300\" height=\"153\" src=\"https:\/\/linitiative.ca\/International\/wp-content\/uploads\/sites\/23\/2022\/05\/Ismail-Fassi-Fihri-Credit-du-Maroc-300x153-1.jpg\" class=\"attachment-medium size-medium wp-post-image\" alt=\"\" loading=\"lazy\" srcset=\"https:\/\/linitiative.ca\/International\/wp-content\/uploads\/sites\/23\/2022\/05\/Ismail-Fassi-Fihri-Credit-du-Maroc-300x153-1.jpg 300w, https:\/\/aujourdhui.ma\/wp-content\/uploads\/2022\/05\/Ismail-Fassi-Fihri-Credit-du-Maroc-274x140.jpg 274w, https:\/\/aujourdhui.ma\/wp-content\/uploads\/2022\/05\/Ismail-Fassi-Fihri-Credit-du-Maroc.jpg 746w, https:\/\/aujourdhui.ma\/wp-content\/uploads\/2022\/05\/Ismail-Fassi-Fihri-Credit-du-Maroc-165x84.jpg 165w, https:\/\/aujourdhui.ma\/wp-content\/uploads\/2022\/05\/Ismail-Fassi-Fihri-Credit-du-Maroc-702x358.jpg 702w\" sizes=\"auto, (max-width: 300px) 100vw, 300px\"><\/p>\n<p><span style=\"font-size: 20px; color: #800000;\"><strong>Changement \u00e0 la pr\u00e9sidence du conseil de surveillance de la banque<\/strong> <\/span><span id=\"more-406705\"><\/span><\/p>\n<p>Isma\u00efl Fassi-Fihri a d\u00e9missionn\u00e9 de son mandat de pr\u00e9sident et de membre du conseil de surveillance du Cr\u00e9dit du Maroc. C\u2019est ce qu\u2019a annonc\u00e9 la banque dans un communiqu\u00e9. \u00abLe conseil de surveillance de Cr\u00e9dit du Maroc, r\u00e9uni le 29 avril 2022, a pris acte de la d\u00e9cision exprim\u00e9e par Monsieur Isma\u00efl Fassi-Fihri de d\u00e9missionner de son mandat de pr\u00e9sident du conseil et de membre du conseil avec effet \u00e0 l\u2019issue dudit conseil. Ledit conseil a confi\u00e9 au vice-pr\u00e9sident, Monsieur Fran\u00e7ois-Edouard Drion, la pr\u00e9sidence jusqu\u2019\u00e0 l\u2019issue de l\u2019assembl\u00e9e g\u00e9n\u00e9rale ordinaire annuelle qui se tiendra en juin 2022 et qui sera appel\u00e9e \u00e0 statuer sur les comptes de l\u2019exercice clos au 31 d\u00e9cembre 2021\u00bb, indique la m\u00eame source ajoutant que \u00abCr\u00e9dit du Maroc remercie chaleureusement Monsieur Isma\u00efl Fassi-Fihri et tient \u00e0 lui rendre hommage pour sa grande contribution au conseil de surveillance de la banque, son bilan riche en r\u00e9alisations et ses qualit\u00e9s humaines\u00bb.<\/p>\n<p>Isma\u00efl Fassi-Fihri fait son entr\u00e9e dans le conseil de surveillance de Cr\u00e9dit du Maroc en 1999 en tant que membre, il est nomm\u00e9 la m\u00eame ann\u00e9e membre du Comit\u00e9 d\u2019audit. En juillet 2016, il est d\u00e9sign\u00e9 membre du Comit\u00e9 des risques. De juin 2001 \u00e0 mars 2014, il occupe \u00e9galement les fonctions de membre du Comit\u00e9 de r\u00e9mun\u00e9ration devenu, en 2014, Comit\u00e9 de nomination et de r\u00e9mun\u00e9ration. En mars 2019, il est \u00e9lu pr\u00e9sident du conseil de surveillance. \u00abAu nom de Cr\u00e9dit Agricole S.A., je t\u00e9moigne toute ma reconnaissance et mes remerciements chaleureux \u00e0 Monsieur Isma\u00efl Fassi-Fihri.<\/p>\n<p>Son appui constant a \u00e9t\u00e9 un atout majeur pour Cr\u00e9dit du Maroc dont il a, \u00e0 l\u2019instar de ses illustres pr\u00e9d\u00e9cesseurs, repr\u00e9sentants au plus haut niveau de grandes institutions du Royaume du Maroc, et du c\u00f4t\u00e9 fran\u00e7ais, \u00e9minentes personnalit\u00e9s repr\u00e9sentant le Cr\u00e9dit Lyonnais puis le Cr\u00e9dit Agricole, marqu\u00e9 l\u2019histoire\u00bb, affirme Fran\u00e7ois Edouard Drion, vice-pr\u00e9sident du conseil de surveillance de Cr\u00e9dit du Maroc.<\/p>\n<p>Convaincu que le d\u00e9veloppement de Cr\u00e9dit du Maroc est li\u00e9 \u00e0 sa capacit\u00e9 \u00e0 anticiper les enjeux strat\u00e9giques issus des mutations technologiques et sociales, Isma\u00efl Fassi-Fihri a accompagn\u00e9 les grandes transformations de la banque. Selon le management du Cr\u00e9dit du Maroc, Ismail Fassi-Fihri \u00aba incarn\u00e9 le renouveau de la banque, port\u00e9 par un projet d\u2019entreprise ambitieux, Tajdid2022, porteur de changement et de transformation et s\u2019appuyant sur un mod\u00e8le \u00e9conomique solide, orient\u00e9 vers la cr\u00e9ation de valeur durable et partag\u00e9e.<\/p>\n<p>Plusieurs projets structurants se concr\u00e9tisent avec des avanc\u00e9es majeures sur les quatre fondations de Tajdid2022, notamment le projet du nouveau si\u00e8ge \u00abLes Ar\u00e8nes\u00bb, v\u00e9ritable vitrine de Cr\u00e9dit du Maroc ancr\u00e9e en plein c\u0153ur de la m\u00e9tropole \u00e9conomique, le projet de refonte du syst\u00e8me d\u2019information de la banque pour la construction d\u2019un socle performant, \u00e0 la pointe des derni\u00e8res technologies, afin de gagner en qualit\u00e9 de services et b\u00e2tir l\u2019ambition de devenir une banque digitale pionni\u00e8re\u00bb.<\/p>\n<\/div>\n<p>Auteur: ALM<br \/>\n<a href=\"https:\/\/aujourdhui.ma\/economie\/credit-du-maroc-ismail-fassi-fihri-demissionne\">Cliquez ici pour lire l&rsquo;article depuis sa source.<\/a><\/p>\n","protected":false},"excerpt":{"rendered":"<p>Changement \u00e0 la pr\u00e9sidence du conseil de surveillance de la banque Isma\u00efl Fassi-Fihri a d\u00e9missionn\u00e9 de son mandat de pr\u00e9sident et de membre du conseil de surveillance du Cr\u00e9dit du Maroc. C\u2019est ce qu\u2019a annonc\u00e9 la banque dans un communiqu\u00e9. \u00abLe conseil de surveillance de Cr\u00e9dit du Maroc, r\u00e9uni le 29 avril 2022, a pris [&hellip;]<\/p>\n","protected":false},"author":1759,"featured_media":0,"comment_status":"closed","ping_status":"closed","sticky":false,"template":"","format":"standard","meta":{"fifu_image_url":"https:\/\/aujourdhui.ma\/wp-content\/uploads\/2022\/05\/Ismail-Fassi-Fihri-Credit-du-Maroc-300x153.jpg","fifu_image_alt":"Cr\u00e9dit du Maroc : Ismail Fassi-Fihri d\u00e9missionne","footnotes":""},"categories":[73,54],"tags":[],"class_list":["post-146790","post","type-post","status-publish","format-standard","hentry","category-actualite","category-maroc"],"_links":{"self":[{"href":"https:\/\/linitiative.ca\/International\/wp-json\/wp\/v2\/posts\/146790","targetHints":{"allow":["GET"]}}],"collection":[{"href":"https:\/\/linitiative.ca\/International\/wp-json\/wp\/v2\/posts"}],"about":[{"href":"https:\/\/linitiative.ca\/International\/wp-json\/wp\/v2\/types\/post"}],"author":[{"embeddable":true,"href":"https:\/\/linitiative.ca\/International\/wp-json\/wp\/v2\/users\/1759"}],"replies":[{"embeddable":true,"href":"https:\/\/linitiative.ca\/International\/wp-json\/wp\/v2\/comments?post=146790"}],"version-history":[{"count":0,"href":"https:\/\/linitiative.ca\/International\/wp-json\/wp\/v2\/posts\/146790\/revisions"}],"wp:attachment":[{"href":"https:\/\/linitiative.ca\/International\/wp-json\/wp\/v2\/media?parent=146790"}],"wp:term":[{"taxonomy":"category","embeddable":true,"href":"https:\/\/linitiative.ca\/International\/wp-json\/wp\/v2\/categories?post=146790"},{"taxonomy":"post_tag","embeddable":true,"href":"https:\/\/linitiative.ca\/International\/wp-json\/wp\/v2\/tags?post=146790"}],"curies":[{"name":"wp","href":"https:\/\/api.w.org\/{rel}","templated":true}]}}