{"id":146792,"date":"2022-05-02T11:22:57","date_gmt":"2022-05-02T15:22:57","guid":{"rendered":"https:\/\/linitiative.ca\/International\/covid-19-maroc-la-situation-epidemiologique-au-2-mai-2022-a-15h00\/"},"modified":"2022-05-02T11:22:57","modified_gmt":"2022-05-02T15:22:57","slug":"covid-19-maroc-la-situation-epidemiologique-au-2-mai-2022-a-15h00","status":"publish","type":"post","link":"https:\/\/linitiative.ca\/International\/covid-19-maroc-la-situation-epidemiologique-au-2-mai-2022-a-15h00\/","title":{"rendered":"Covid-19 \/ Maroc : La situation \u00e9pid\u00e9miologique au 2 mai 2022 \u00e0 15H00"},"content":{"rendered":"<div>\n<p><img decoding=\"async\" width=\"300\" height=\"153\" src=\"https:\/\/linitiative.ca\/International\/wp-content\/uploads\/sites\/23\/2022\/05\/Covid19-coronavirus-test-300x153-1.jpg\" class=\"attachment-medium size-medium wp-post-image\" alt=\"\" loading=\"lazy\" srcset=\"https:\/\/linitiative.ca\/International\/wp-content\/uploads\/sites\/23\/2022\/05\/Covid19-coronavirus-test-300x153-1.jpg 300w, https:\/\/aujourdhui.ma\/wp-content\/uploads\/2021\/07\/Covid19-coronavirus-test-274x140.jpg 274w, https:\/\/aujourdhui.ma\/wp-content\/uploads\/2021\/07\/Covid19-coronavirus-test.jpg 746w, https:\/\/aujourdhui.ma\/wp-content\/uploads\/2021\/07\/Covid19-coronavirus-test-165x84.jpg 165w, https:\/\/aujourdhui.ma\/wp-content\/uploads\/2021\/07\/Covid19-coronavirus-test-702x358.jpg 702w\" sizes=\"auto, (max-width: 300px) 100vw, 300px\"><\/p>\n<p>11 nouveaux cas soit un cumul de 1.164.984 cas \u00e0 ce jour.<br \/>\n53 gu\u00e9risons soit un cumul de 1.148.556 \u00e0 ce jour.<br \/>\nZ\u00c9RO D\u00c9C\u00c8S donc un cumul de 16.069 \u00e0 ce jour.<\/p>\n<p><span style=\"color: #ff0000;\"><strong>Nombre de personnes vaccin\u00e9es au 2 mai \u00e0 15H00<\/strong><\/span><\/p>\n<p>1\u00e8re dose :<strong>\u00a0<span id=\"page3R_mcid103\" class=\"markedContent\"><span dir=\"ltr\" role=\"presentation\">24<\/span><\/span><span id=\"page3R_mcid104\" class=\"markedContent\"><\/span><span id=\"page3R_mcid105\" class=\"markedContent\"> <span dir=\"ltr\" role=\"presentation\">806<\/span><\/span><span id=\"page3R_mcid106\" class=\"markedContent\"> <span dir=\"ltr\" role=\"presentation\">427<\/span><\/span><\/strong><\/p>\n<p>2\u00e8me dose :<strong>\u00a0<span id=\"page3R_mcid96\" class=\"markedContent\"><span dir=\"ltr\" role=\"presentation\">23<\/span><\/span><span id=\"page3R_mcid97\" class=\"markedContent\"><\/span><span id=\"page3R_mcid98\" class=\"markedContent\"> <span dir=\"ltr\" role=\"presentation\">285<\/span><\/span><span id=\"page3R_mcid99\" class=\"markedContent\"> <span dir=\"ltr\" role=\"presentation\">210<\/span><\/span><\/strong><\/p>\n<p>3\u00e8me dose :\u00a0<strong><span id=\"page3R_mcid89\" class=\"markedContent\"><span dir=\"ltr\" role=\"presentation\">6<\/span><\/span><span id=\"page3R_mcid90\" class=\"markedContent\"><\/span><span id=\"page3R_mcid91\" class=\"markedContent\"> <span dir=\"ltr\" role=\"presentation\">255<\/span><\/span><span id=\"page3R_mcid92\" class=\"markedContent\"> <span dir=\"ltr\" role=\"presentation\">664<\/span><\/span><\/strong><\/p>\n<p><img loading=\"lazy\" decoding=\"async\" class=\"aligncenter size-full wp-image-406791\" src=\"https:\/\/linitiative.ca\/International\/wp-content\/uploads\/sites\/23\/2022\/05\/coronavirus-02052022-page1.jpeg\" alt=\"\" width=\"1126\" height=\"1600\" srcset=\"https:\/\/linitiative.ca\/International\/wp-content\/uploads\/sites\/23\/2022\/05\/coronavirus-02052022-page1.jpeg 1126w, https:\/\/aujourdhui.ma\/wp-content\/uploads\/2022\/05\/coronavirus-02052022-page1-211x300.jpeg 211w, https:\/\/aujourdhui.ma\/wp-content\/uploads\/2022\/05\/coronavirus-02052022-page1-721x1024.jpeg 721w, https:\/\/aujourdhui.ma\/wp-content\/uploads\/2022\/05\/coronavirus-02052022-page1-768x1091.jpeg 768w, https:\/\/aujourdhui.ma\/wp-content\/uploads\/2022\/05\/coronavirus-02052022-page1-1081x1536.jpeg 1081w\" sizes=\"auto, (max-width: 1126px) 100vw, 1126px\"> <img loading=\"lazy\" decoding=\"async\" class=\"aligncenter size-full wp-image-406792\" src=\"https:\/\/linitiative.ca\/International\/wp-content\/uploads\/sites\/23\/2022\/05\/coronavirus-02052022-page2.jpeg\" alt=\"\" width=\"1170\" height=\"599\" srcset=\"https:\/\/linitiative.ca\/International\/wp-content\/uploads\/sites\/23\/2022\/05\/coronavirus-02052022-page2.jpeg 1170w, https:\/\/aujourdhui.ma\/wp-content\/uploads\/2022\/05\/coronavirus-02052022-page2-300x154.jpeg 300w, https:\/\/aujourdhui.ma\/wp-content\/uploads\/2022\/05\/coronavirus-02052022-page2-1024x524.jpeg 1024w, https:\/\/aujourdhui.ma\/wp-content\/uploads\/2022\/05\/coronavirus-02052022-page2-768x393.jpeg 768w, https:\/\/aujourdhui.ma\/wp-content\/uploads\/2022\/05\/coronavirus-02052022-page2-274x140.jpeg 274w, https:\/\/aujourdhui.ma\/wp-content\/uploads\/2022\/05\/coronavirus-02052022-page2-165x84.jpeg 165w, https:\/\/aujourdhui.ma\/wp-content\/uploads\/2022\/05\/coronavirus-02052022-page2-702x358.jpeg 702w\" sizes=\"auto, (max-width: 1170px) 100vw, 1170px\"> <img loading=\"lazy\" decoding=\"async\" class=\"aligncenter size-full wp-image-406793\" src=\"https:\/\/linitiative.ca\/International\/wp-content\/uploads\/sites\/23\/2022\/05\/coronavirus-02052022-page3.jpg\" alt=\"\" width=\"1170\" height=\"1059\" srcset=\"https:\/\/linitiative.ca\/International\/wp-content\/uploads\/sites\/23\/2022\/05\/coronavirus-02052022-page3.jpg 1170w, https:\/\/aujourdhui.ma\/wp-content\/uploads\/2022\/05\/coronavirus-02052022-page3-300x272.jpg 300w, https:\/\/aujourdhui.ma\/wp-content\/uploads\/2022\/05\/coronavirus-02052022-page3-1024x927.jpg 1024w, https:\/\/aujourdhui.ma\/wp-content\/uploads\/2022\/05\/coronavirus-02052022-page3-768x695.jpg 768w\" sizes=\"auto, (max-width: 1170px) 100vw, 1170px\"><\/p>\n<\/div>\n<p>Auteur: ALM<br \/>\n<a href=\"https:\/\/aujourdhui.ma\/societe\/covid-19-maroc-la-situation-epidemiologique-au-2-mai-2022-a-15h00\">Cliquez ici pour lire l&rsquo;article depuis sa source.<\/a><\/p>\n","protected":false},"excerpt":{"rendered":"<p>11 nouveaux cas soit un cumul de 1.164.984 cas \u00e0 ce jour. 53 gu\u00e9risons soit un cumul de 1.148.556 \u00e0 ce jour. Z\u00c9RO D\u00c9C\u00c8S donc un cumul de 16.069 \u00e0 ce jour. Nombre de personnes vaccin\u00e9es au 2 mai \u00e0 15H00 1\u00e8re dose :\u00a024 806 427 2\u00e8me dose :\u00a023 285 210 3\u00e8me dose :\u00a06 255 [&hellip;]<\/p>\n","protected":false},"author":1759,"featured_media":0,"comment_status":"closed","ping_status":"closed","sticky":false,"template":"","format":"standard","meta":{"fifu_image_url":"https:\/\/aujourdhui.ma\/wp-content\/uploads\/2021\/07\/Covid19-coronavirus-test-300x153.jpg","fifu_image_alt":"Covid-19 \/ Maroc : La situation \u00e9pid\u00e9miologique au 2 mai 2022 \u00e0 15H00","footnotes":""},"categories":[73,54],"tags":[],"class_list":["post-146792","post","type-post","status-publish","format-standard","hentry","category-actualite","category-maroc"],"_links":{"self":[{"href":"https:\/\/linitiative.ca\/International\/wp-json\/wp\/v2\/posts\/146792","targetHints":{"allow":["GET"]}}],"collection":[{"href":"https:\/\/linitiative.ca\/International\/wp-json\/wp\/v2\/posts"}],"about":[{"href":"https:\/\/linitiative.ca\/International\/wp-json\/wp\/v2\/types\/post"}],"author":[{"embeddable":true,"href":"https:\/\/linitiative.ca\/International\/wp-json\/wp\/v2\/users\/1759"}],"replies":[{"embeddable":true,"href":"https:\/\/linitiative.ca\/International\/wp-json\/wp\/v2\/comments?post=146792"}],"version-history":[{"count":0,"href":"https:\/\/linitiative.ca\/International\/wp-json\/wp\/v2\/posts\/146792\/revisions"}],"wp:attachment":[{"href":"https:\/\/linitiative.ca\/International\/wp-json\/wp\/v2\/media?parent=146792"}],"wp:term":[{"taxonomy":"category","embeddable":true,"href":"https:\/\/linitiative.ca\/International\/wp-json\/wp\/v2\/categories?post=146792"},{"taxonomy":"post_tag","embeddable":true,"href":"https:\/\/linitiative.ca\/International\/wp-json\/wp\/v2\/tags?post=146792"}],"curies":[{"name":"wp","href":"https:\/\/api.w.org\/{rel}","templated":true}]}}