{"id":146799,"date":"2022-05-02T11:28:22","date_gmt":"2022-05-02T15:28:22","guid":{"rendered":"https:\/\/linitiative.ca\/International\/fortes-pluies-orageuses-mardi-dans-plusieurs-provinces\/"},"modified":"2022-05-02T11:28:22","modified_gmt":"2022-05-02T15:28:22","slug":"fortes-pluies-orageuses-mardi-dans-plusieurs-provinces","status":"publish","type":"post","link":"https:\/\/linitiative.ca\/International\/fortes-pluies-orageuses-mardi-dans-plusieurs-provinces\/","title":{"rendered":"Fortes pluies orageuses mardi dans plusieurs provinces"},"content":{"rendered":"<div>\n<div style=\"margin-bottom:20px;\"><img loading=\"lazy\" decoding=\"async\" width=\"750\" height=\"430\" src=\"https:\/\/linitiative.ca\/International\/wp-content\/uploads\/sites\/23\/2022\/05\/pluie-MAP.jpg\" class=\"attachment-post-thumbnail size-post-thumbnail wp-post-image\" alt=\"\" srcset=\"https:\/\/linitiative.ca\/International\/wp-content\/uploads\/sites\/23\/2022\/05\/pluie-MAP.jpg 750w, https:\/\/www.mapmarrakech.ma\/map\/uploads\/2022\/01\/pluie-MAP-300x172.jpg 300w\" sizes=\"auto, (max-width: 750px) 100vw, 750px\"><\/div>\n<p>Ainsi, des pluies de 30 \u00e0 50 millim\u00e8tres (mm) sont attendues mardi de 04H \u00e0 14H \u00e0 Ouezzane, Larache et Chefchaouen, a indiqu\u00e9 la DGM dans un bulletin d\u2019alerte de niveau de vigilance orange.<\/p>\n<p>Pour leur part, les villes de Sal\u00e9, K\u00e9nitra et Rabat conna\u00eetront des pluies de 20 \u00e0 25 mm, mardi de 05H \u00e0 14H, a pr\u00e9cis\u00e9 la m\u00eame source.<\/p>\n<p>Des pluies (20-35 mm) s\u2019abattront mardi de 12H \u00e0 21hH sur les villes d\u2019Al Hoceima, de Guercif, Taourirt, Taza, Boulemane, Mekn\u00e8s, d\u2019El Hajeb, de Sidi Slimane, Sidi Kacem et Khemisset, d\u2019apr\u00e8s le bulletin d\u2019alerte.<\/p>\n<p>The post <a rel=\"nofollow\" href=\"https:\/\/www.mapmarrakech.ma\/fr\/fortes-pluies-orageuses-mardi-dans-plusieurs-provinces\/\">Fortes pluies orageuses mardi dans plusieurs provinces<\/a> appeared first on <a rel=\"nofollow\" href=\"https:\/\/www.mapmarrakech.ma\/fr\">MapMarrakech<\/a>.<\/p>\n<\/div>\n<p>Auteur: Meriem IGASS<br \/>\n<a href=\"https:\/\/www.mapmarrakech.ma\/fr\/fortes-pluies-orageuses-mardi-dans-plusieurs-provinces\/\">Cliquez ici pour lire l&rsquo;article depuis sa source.<\/a><\/p>\n","protected":false},"excerpt":{"rendered":"<p>Ainsi, des pluies de 30 \u00e0 50 millim\u00e8tres (mm) sont attendues mardi de 04H \u00e0 14H \u00e0 Ouezzane, Larache et Chefchaouen, a indiqu\u00e9 la DGM dans un bulletin d\u2019alerte de niveau de vigilance orange. Pour leur part, les villes de Sal\u00e9, K\u00e9nitra et Rabat conna\u00eetront des pluies de 20 \u00e0 25 mm, mardi de 05H [&hellip;]<\/p>\n","protected":false},"author":1788,"featured_media":0,"comment_status":"closed","ping_status":"closed","sticky":false,"template":"","format":"standard","meta":{"fifu_image_url":"https:\/\/www.mapmarrakech.ma\/map\/uploads\/2022\/01\/pluie-MAP.jpg","fifu_image_alt":"Fortes pluies orageuses mardi dans plusieurs provinces","footnotes":""},"categories":[54,76],"tags":[],"class_list":["post-146799","post","type-post","status-publish","format-standard","hentry","category-maroc","category-regions"],"_links":{"self":[{"href":"https:\/\/linitiative.ca\/International\/wp-json\/wp\/v2\/posts\/146799","targetHints":{"allow":["GET"]}}],"collection":[{"href":"https:\/\/linitiative.ca\/International\/wp-json\/wp\/v2\/posts"}],"about":[{"href":"https:\/\/linitiative.ca\/International\/wp-json\/wp\/v2\/types\/post"}],"author":[{"embeddable":true,"href":"https:\/\/linitiative.ca\/International\/wp-json\/wp\/v2\/users\/1788"}],"replies":[{"embeddable":true,"href":"https:\/\/linitiative.ca\/International\/wp-json\/wp\/v2\/comments?post=146799"}],"version-history":[{"count":0,"href":"https:\/\/linitiative.ca\/International\/wp-json\/wp\/v2\/posts\/146799\/revisions"}],"wp:attachment":[{"href":"https:\/\/linitiative.ca\/International\/wp-json\/wp\/v2\/media?parent=146799"}],"wp:term":[{"taxonomy":"category","embeddable":true,"href":"https:\/\/linitiative.ca\/International\/wp-json\/wp\/v2\/categories?post=146799"},{"taxonomy":"post_tag","embeddable":true,"href":"https:\/\/linitiative.ca\/International\/wp-json\/wp\/v2\/tags?post=146799"}],"curies":[{"name":"wp","href":"https:\/\/api.w.org\/{rel}","templated":true}]}}