{"id":146801,"date":"2022-05-02T11:35:41","date_gmt":"2022-05-02T15:35:41","guid":{"rendered":"https:\/\/linitiative.ca\/International\/previsions-meteorologiques-pour-le-mardi-03-mai-2022\/"},"modified":"2022-05-02T11:35:41","modified_gmt":"2022-05-02T15:35:41","slug":"previsions-meteorologiques-pour-le-mardi-03-mai-2022","status":"publish","type":"post","link":"https:\/\/linitiative.ca\/International\/previsions-meteorologiques-pour-le-mardi-03-mai-2022\/","title":{"rendered":"Pr\u00e9visions m\u00e9t\u00e9orologiques pour le mardi 03 mai 2022"},"content":{"rendered":"<div>\n<div style=\"margin-bottom:20px;\"><img loading=\"lazy\" decoding=\"async\" width=\"750\" height=\"430\" src=\"https:\/\/linitiative.ca\/International\/wp-content\/uploads\/sites\/23\/2022\/05\/soleil-2.jpg\" class=\"attachment-post-thumbnail size-post-thumbnail wp-post-image\" alt=\"\" srcset=\"https:\/\/linitiative.ca\/International\/wp-content\/uploads\/sites\/23\/2022\/05\/soleil-2.jpg 750w, https:\/\/www.mapmarrakech.ma\/map\/uploads\/2022\/05\/soleil-2-300x172.jpg 300w\" sizes=\"auto, (max-width: 750px) 100vw, 750px\"><\/div>\n<p>\u2013 Pluies ou averses parfois orageuses avec risque de gr\u00eale sur l\u2019Oriental, le Rif, la M\u00e9diterran\u00e9e, les plaines nord, les plateaux des Phosphates et d\u2019Oulm\u00e8s, les Haut et Moyen Atlas, leurs versants est et le Saiss.<\/p>\n<p>\u2013 Ond\u00e9es ou gouttes \u00e9parses par endroits sur les plaines centre.<\/p>\n<p>\u2013 Flocons de neige sur les sommets des Moyen et Haut Atlas.<\/p>\n<p>\u2013 Temps relativement chaud sur l\u2019extr\u00eame sud.<\/p>\n<p>\u2013 Chasse-poussi\u00e8res par endroits sur le Sud-Est et le sud du pays.<\/p>\n<p>\u2013 Rafales de vent localement assez fortes sur le nord des provinces du Sud, les c\u00f4tes centre et sud, l\u2019Oriental, l\u2019Atlas, le Souss et le Sud-Est.<\/p>\n<p>\u2013 Temp\u00e9ratures minimales de l\u2019ordre de 05\/12\u00b0C sur l\u2019Atlas, le Rif et l\u2019Oriental, 14\/22\u00b0C sur le nord des provinces du Sud et le Sud-Est, 21\/27\u00b0C sur le sud des provinces sahariennes et de 10\/17\u00b0C ailleurs.<\/p>\n<p>\u2013 Temp\u00e9ratures maximales en baisse g\u00e9n\u00e9ralis\u00e9e.<\/p>\n<p>\u2013 Mer peu agit\u00e9e \u00e0 agit\u00e9e en M\u00e9diterran\u00e9e, sur le D\u00e9troit et entre Cap Spartel et Boujdour et agit\u00e9e au Sud.<\/p>\n<p>The post <a rel=\"nofollow\" href=\"https:\/\/www.mapmarrakech.ma\/fr\/previsions-meteorologiques-pour-le-mardi-03-mai-2022\/\">Pr\u00e9visions m\u00e9t\u00e9orologiques pour le mardi 03 mai 2022<\/a> appeared first on <a rel=\"nofollow\" href=\"https:\/\/www.mapmarrakech.ma\/fr\">MapMarrakech<\/a>.<\/p>\n<\/div>\n<p>Auteur: Meriem IGASS<br \/>\n<a href=\"https:\/\/www.mapmarrakech.ma\/fr\/previsions-meteorologiques-pour-le-mardi-03-mai-2022\/\">Cliquez ici pour lire l&rsquo;article depuis sa source.<\/a><\/p>\n","protected":false},"excerpt":{"rendered":"<p>\u2013 Pluies ou averses parfois orageuses avec risque de gr\u00eale sur l\u2019Oriental, le Rif, la M\u00e9diterran\u00e9e, les plaines nord, les plateaux des Phosphates et d\u2019Oulm\u00e8s, les Haut et Moyen Atlas, leurs versants est et le Saiss. \u2013 Ond\u00e9es ou gouttes \u00e9parses par endroits sur les plaines centre. \u2013 Flocons de neige sur les sommets des [&hellip;]<\/p>\n","protected":false},"author":1788,"featured_media":0,"comment_status":"closed","ping_status":"closed","sticky":false,"template":"","format":"standard","meta":{"fifu_image_url":"https:\/\/www.mapmarrakech.ma\/map\/uploads\/2022\/05\/soleil-2.jpg","fifu_image_alt":"Pr\u00e9visions m\u00e9t\u00e9orologiques pour le mardi 03 mai 2022","footnotes":""},"categories":[54,76],"tags":[],"class_list":["post-146801","post","type-post","status-publish","format-standard","hentry","category-maroc","category-regions"],"_links":{"self":[{"href":"https:\/\/linitiative.ca\/International\/wp-json\/wp\/v2\/posts\/146801","targetHints":{"allow":["GET"]}}],"collection":[{"href":"https:\/\/linitiative.ca\/International\/wp-json\/wp\/v2\/posts"}],"about":[{"href":"https:\/\/linitiative.ca\/International\/wp-json\/wp\/v2\/types\/post"}],"author":[{"embeddable":true,"href":"https:\/\/linitiative.ca\/International\/wp-json\/wp\/v2\/users\/1788"}],"replies":[{"embeddable":true,"href":"https:\/\/linitiative.ca\/International\/wp-json\/wp\/v2\/comments?post=146801"}],"version-history":[{"count":0,"href":"https:\/\/linitiative.ca\/International\/wp-json\/wp\/v2\/posts\/146801\/revisions"}],"wp:attachment":[{"href":"https:\/\/linitiative.ca\/International\/wp-json\/wp\/v2\/media?parent=146801"}],"wp:term":[{"taxonomy":"category","embeddable":true,"href":"https:\/\/linitiative.ca\/International\/wp-json\/wp\/v2\/categories?post=146801"},{"taxonomy":"post_tag","embeddable":true,"href":"https:\/\/linitiative.ca\/International\/wp-json\/wp\/v2\/tags?post=146801"}],"curies":[{"name":"wp","href":"https:\/\/api.w.org\/{rel}","templated":true}]}}