{"id":146804,"date":"2022-05-02T08:53:30","date_gmt":"2022-05-02T12:53:30","guid":{"rendered":"https:\/\/linitiative.ca\/International\/1er-mai-benkirane-sattaque-aux-centrales-syndicales\/"},"modified":"2022-05-02T08:53:30","modified_gmt":"2022-05-02T12:53:30","slug":"1er-mai-benkirane-sattaque-aux-centrales-syndicales","status":"publish","type":"post","link":"https:\/\/linitiative.ca\/International\/1er-mai-benkirane-sattaque-aux-centrales-syndicales\/","title":{"rendered":"1er Mai : Benkirane s&rsquo;attaque aux centrales syndicales"},"content":{"rendered":"<div>\n<div class=\"field field-name-body field-type-text-with-summary field-label-hidden\">\n<div class=\"field-items\">\n<div class=\"field-item even\" property=\"content:encoded\">\n<p class=\"rtejustify\">Apr\u00e8s une absence de deux ann\u00e9es cons\u00e9cutives \u00e0 cause de la pand\u00e9mie du Covid-19, la c\u00e9l\u00e9bration du 1<sup>er<\/sup>\u00a0mai, f\u00eate du travail, a \u00e9t\u00e9 reprise cette ann\u00e9e mais d\u2019une mani\u00e8re tr\u00e8s timide comme cela le cas \u00e0 Rabat.<\/p>\n<\/div>\n<\/div>\n<\/div>\n<\/div>\n<p>Auteur: mbasraoui<br \/>\n<a href=\"https:\/\/www.leconomiste.com\/flash-infos\/1er-mai-benkirane-s-attaque-aux-centrales-syndicales\">Cliquez ici pour lire l&rsquo;article depuis sa source.<\/a><\/p>\n","protected":false},"excerpt":{"rendered":"<p>Apr\u00e8s une absence de deux ann\u00e9es cons\u00e9cutives \u00e0 cause de la pand\u00e9mie du Covid-19, la c\u00e9l\u00e9bration du 1er\u00a0mai, f\u00eate du travail, a \u00e9t\u00e9 reprise cette ann\u00e9e mais d\u2019une mani\u00e8re tr\u00e8s timide comme cela le cas \u00e0 Rabat. Auteur: mbasraoui Cliquez ici pour lire l&rsquo;article depuis sa source.<\/p>\n","protected":false},"author":1763,"featured_media":0,"comment_status":"closed","ping_status":"closed","sticky":false,"template":"","format":"standard","meta":{"fifu_image_url":"","fifu_image_alt":"","footnotes":""},"categories":[78,54],"tags":[],"class_list":["post-146804","post","type-post","status-publish","format-standard","hentry","category-economie","category-maroc"],"_links":{"self":[{"href":"https:\/\/linitiative.ca\/International\/wp-json\/wp\/v2\/posts\/146804","targetHints":{"allow":["GET"]}}],"collection":[{"href":"https:\/\/linitiative.ca\/International\/wp-json\/wp\/v2\/posts"}],"about":[{"href":"https:\/\/linitiative.ca\/International\/wp-json\/wp\/v2\/types\/post"}],"author":[{"embeddable":true,"href":"https:\/\/linitiative.ca\/International\/wp-json\/wp\/v2\/users\/1763"}],"replies":[{"embeddable":true,"href":"https:\/\/linitiative.ca\/International\/wp-json\/wp\/v2\/comments?post=146804"}],"version-history":[{"count":0,"href":"https:\/\/linitiative.ca\/International\/wp-json\/wp\/v2\/posts\/146804\/revisions"}],"wp:attachment":[{"href":"https:\/\/linitiative.ca\/International\/wp-json\/wp\/v2\/media?parent=146804"}],"wp:term":[{"taxonomy":"category","embeddable":true,"href":"https:\/\/linitiative.ca\/International\/wp-json\/wp\/v2\/categories?post=146804"},{"taxonomy":"post_tag","embeddable":true,"href":"https:\/\/linitiative.ca\/International\/wp-json\/wp\/v2\/tags?post=146804"}],"curies":[{"name":"wp","href":"https:\/\/api.w.org\/{rel}","templated":true}]}}