{"id":146806,"date":"2022-05-02T09:00:47","date_gmt":"2022-05-02T13:00:47","guid":{"rendered":"https:\/\/linitiative.ca\/International\/usa-la-cote-de-popularite-de-biden-remonte\/"},"modified":"2022-05-02T09:00:47","modified_gmt":"2022-05-02T13:00:47","slug":"usa-la-cote-de-popularite-de-biden-remonte","status":"publish","type":"post","link":"https:\/\/linitiative.ca\/International\/usa-la-cote-de-popularite-de-biden-remonte\/","title":{"rendered":"USA: La cote de popularit\u00e9 de Biden remonte"},"content":{"rendered":"<div>\n<div class=\"field field-name-body field-type-text-with-summary field-label-hidden\">\n<div class=\"field-items\">\n<div class=\"field-item even\" property=\"content:encoded\">\n<p>La cote de popularit\u00e9 du pr\u00e9sident am\u00e9ricain Joe Biden a l\u00e9g\u00e8rement augment\u00e9 au cours des deux derniers mois, selon un nouveau sondage, alors que l&rsquo;inflation demeure la pr\u00e9occupation premi\u00e8re des Am\u00e9ricains.<\/p>\n<\/div>\n<\/div>\n<\/div>\n<\/div>\n<p>Auteur: mbasraoui<br \/>\n<a href=\"https:\/\/www.leconomiste.com\/flash-infos\/usa-la-cote-de-popularite-de-biden-remonte\">Cliquez ici pour lire l&rsquo;article depuis sa source.<\/a><\/p>\n","protected":false},"excerpt":{"rendered":"<p>La cote de popularit\u00e9 du pr\u00e9sident am\u00e9ricain Joe Biden a l\u00e9g\u00e8rement augment\u00e9 au cours des deux derniers mois, selon un nouveau sondage, alors que l&rsquo;inflation demeure la pr\u00e9occupation premi\u00e8re des Am\u00e9ricains. Auteur: mbasraoui Cliquez ici pour lire l&rsquo;article depuis sa source.<\/p>\n","protected":false},"author":1763,"featured_media":0,"comment_status":"closed","ping_status":"closed","sticky":false,"template":"","format":"standard","meta":{"fifu_image_url":"","fifu_image_alt":"","footnotes":""},"categories":[78,54],"tags":[],"class_list":["post-146806","post","type-post","status-publish","format-standard","hentry","category-economie","category-maroc"],"_links":{"self":[{"href":"https:\/\/linitiative.ca\/International\/wp-json\/wp\/v2\/posts\/146806","targetHints":{"allow":["GET"]}}],"collection":[{"href":"https:\/\/linitiative.ca\/International\/wp-json\/wp\/v2\/posts"}],"about":[{"href":"https:\/\/linitiative.ca\/International\/wp-json\/wp\/v2\/types\/post"}],"author":[{"embeddable":true,"href":"https:\/\/linitiative.ca\/International\/wp-json\/wp\/v2\/users\/1763"}],"replies":[{"embeddable":true,"href":"https:\/\/linitiative.ca\/International\/wp-json\/wp\/v2\/comments?post=146806"}],"version-history":[{"count":0,"href":"https:\/\/linitiative.ca\/International\/wp-json\/wp\/v2\/posts\/146806\/revisions"}],"wp:attachment":[{"href":"https:\/\/linitiative.ca\/International\/wp-json\/wp\/v2\/media?parent=146806"}],"wp:term":[{"taxonomy":"category","embeddable":true,"href":"https:\/\/linitiative.ca\/International\/wp-json\/wp\/v2\/categories?post=146806"},{"taxonomy":"post_tag","embeddable":true,"href":"https:\/\/linitiative.ca\/International\/wp-json\/wp\/v2\/tags?post=146806"}],"curies":[{"name":"wp","href":"https:\/\/api.w.org\/{rel}","templated":true}]}}