{"id":146808,"date":"2022-05-02T03:53:00","date_gmt":"2022-05-02T07:53:00","guid":{"rendered":"https:\/\/linitiative.ca\/International\/algerie-cameroun-la-fifa-inflige-une-sanction-a-la-faf\/"},"modified":"2022-05-02T03:53:00","modified_gmt":"2022-05-02T07:53:00","slug":"algerie-cameroun-la-fifa-inflige-une-sanction-a-la-faf","status":"publish","type":"post","link":"https:\/\/linitiative.ca\/International\/algerie-cameroun-la-fifa-inflige-une-sanction-a-la-faf\/","title":{"rendered":"Alg\u00e9rie-Cameroun : la FIFA inflige une sanction \u00e0 la FAF"},"content":{"rendered":"<div>L&rsquo;instance internationale a publi\u00e9 ce lundi la liste des sanctions prises \u00e0 la suite des r\u00e9centes rencontres internationales, et notamment des barrages des \u00e9liminatoires de la Coupe du monde 2022<\/div>\n<p>Auteur:<br \/>\n<a href=\"https:\/\/www.lebuteur.com\/article\/detail?titre=algerie-cameroun-la-fifa-inflige-une-sanction-a-la-faf&#038;id=102809\">Cliquez ici pour lire l&rsquo;article depuis sa source.<\/a><\/p>\n","protected":false},"excerpt":{"rendered":"<p>L&rsquo;instance internationale a publi\u00e9 ce lundi la liste des sanctions prises \u00e0 la suite des r\u00e9centes rencontres internationales, et notamment des barrages des \u00e9liminatoires de la Coupe du monde 2022 Auteur: Cliquez ici pour lire l&rsquo;article depuis sa source.<\/p>\n","protected":false},"author":1738,"featured_media":0,"comment_status":"closed","ping_status":"closed","sticky":false,"template":"","format":"standard","meta":{"fifu_image_url":"","fifu_image_alt":"","footnotes":""},"categories":[53,75],"tags":[],"class_list":["post-146808","post","type-post","status-publish","format-standard","hentry","category-algerie","category-sport"],"_links":{"self":[{"href":"https:\/\/linitiative.ca\/International\/wp-json\/wp\/v2\/posts\/146808","targetHints":{"allow":["GET"]}}],"collection":[{"href":"https:\/\/linitiative.ca\/International\/wp-json\/wp\/v2\/posts"}],"about":[{"href":"https:\/\/linitiative.ca\/International\/wp-json\/wp\/v2\/types\/post"}],"author":[{"embeddable":true,"href":"https:\/\/linitiative.ca\/International\/wp-json\/wp\/v2\/users\/1738"}],"replies":[{"embeddable":true,"href":"https:\/\/linitiative.ca\/International\/wp-json\/wp\/v2\/comments?post=146808"}],"version-history":[{"count":0,"href":"https:\/\/linitiative.ca\/International\/wp-json\/wp\/v2\/posts\/146808\/revisions"}],"wp:attachment":[{"href":"https:\/\/linitiative.ca\/International\/wp-json\/wp\/v2\/media?parent=146808"}],"wp:term":[{"taxonomy":"category","embeddable":true,"href":"https:\/\/linitiative.ca\/International\/wp-json\/wp\/v2\/categories?post=146808"},{"taxonomy":"post_tag","embeddable":true,"href":"https:\/\/linitiative.ca\/International\/wp-json\/wp\/v2\/tags?post=146808"}],"curies":[{"name":"wp","href":"https:\/\/api.w.org\/{rel}","templated":true}]}}