{"id":146809,"date":"2022-05-02T06:33:00","date_gmt":"2022-05-02T10:33:00","guid":{"rendered":"https:\/\/linitiative.ca\/International\/madjer-designe-ambassadeur-de-la-coupe-du-monde-2022\/"},"modified":"2022-05-02T06:33:00","modified_gmt":"2022-05-02T10:33:00","slug":"madjer-designe-ambassadeur-de-la-coupe-du-monde-2022","status":"publish","type":"post","link":"https:\/\/linitiative.ca\/International\/madjer-designe-ambassadeur-de-la-coupe-du-monde-2022\/","title":{"rendered":"Madjer d\u00e9sign\u00e9 ambassadeur de la Coupe du monde 2022"},"content":{"rendered":"<div>Outre Madjer, les organisateurs ont d\u00e9sign\u00e9 d&rsquo;autres ambassadeurs pour promouvoir cet \u00e9v\u00e9nement plan\u00e9taire&#8230;<\/div>\n<p>Auteur:<br \/>\n<a href=\"https:\/\/www.lebuteur.com\/article\/detail?titre=madjer-designe-ambassadeur-de-la-coupe-du-monde-2022&#038;id=102810\">Cliquez ici pour lire l&rsquo;article depuis sa source.<\/a><\/p>\n","protected":false},"excerpt":{"rendered":"<p>Outre Madjer, les organisateurs ont d\u00e9sign\u00e9 d&rsquo;autres ambassadeurs pour promouvoir cet \u00e9v\u00e9nement plan\u00e9taire&#8230; Auteur: Cliquez ici pour lire l&rsquo;article depuis sa source.<\/p>\n","protected":false},"author":1738,"featured_media":0,"comment_status":"closed","ping_status":"closed","sticky":false,"template":"","format":"standard","meta":{"fifu_image_url":"","fifu_image_alt":"","footnotes":""},"categories":[53,75],"tags":[],"class_list":["post-146809","post","type-post","status-publish","format-standard","hentry","category-algerie","category-sport"],"_links":{"self":[{"href":"https:\/\/linitiative.ca\/International\/wp-json\/wp\/v2\/posts\/146809","targetHints":{"allow":["GET"]}}],"collection":[{"href":"https:\/\/linitiative.ca\/International\/wp-json\/wp\/v2\/posts"}],"about":[{"href":"https:\/\/linitiative.ca\/International\/wp-json\/wp\/v2\/types\/post"}],"author":[{"embeddable":true,"href":"https:\/\/linitiative.ca\/International\/wp-json\/wp\/v2\/users\/1738"}],"replies":[{"embeddable":true,"href":"https:\/\/linitiative.ca\/International\/wp-json\/wp\/v2\/comments?post=146809"}],"version-history":[{"count":0,"href":"https:\/\/linitiative.ca\/International\/wp-json\/wp\/v2\/posts\/146809\/revisions"}],"wp:attachment":[{"href":"https:\/\/linitiative.ca\/International\/wp-json\/wp\/v2\/media?parent=146809"}],"wp:term":[{"taxonomy":"category","embeddable":true,"href":"https:\/\/linitiative.ca\/International\/wp-json\/wp\/v2\/categories?post=146809"},{"taxonomy":"post_tag","embeddable":true,"href":"https:\/\/linitiative.ca\/International\/wp-json\/wp\/v2\/tags?post=146809"}],"curies":[{"name":"wp","href":"https:\/\/api.w.org\/{rel}","templated":true}]}}