{"id":146814,"date":"2022-05-02T04:00:00","date_gmt":"2022-05-02T08:00:00","guid":{"rendered":"https:\/\/linitiative.ca\/International\/alia-bornaz-baccar-et-sa-plume-vagabonde\/"},"modified":"2022-05-02T04:00:00","modified_gmt":"2022-05-02T08:00:00","slug":"alia-bornaz-baccar-et-sa-plume-vagabonde","status":"publish","type":"post","link":"https:\/\/linitiative.ca\/International\/alia-bornaz-baccar-et-sa-plume-vagabonde\/","title":{"rendered":"Alia Bornaz Baccar et sa plume vagabonde"},"content":{"rendered":"<div><img decoding=\"async\" src=\"https:\/\/linitiative.ca\/International\/wp-content\/uploads\/sites\/23\/2022\/05\/1651423784_article.jpg\" alt=\"Alia Bornaz Baccar et sa plume vagabonde\" align=\"left\">Mettant \u00e0 profit les longues semaines de confinement en 2021, Alia Bornaz Baccar est revenue sur ses \u00e9crits en langue fran\u00e7aise datant d\u2019\u00e0 partir 1979, particuli\u00e8rement ceux qui n\u2019ont pas \u00e9t\u00e9 publi\u00e9s.<br \/>\nElle en a retenu une cinquantaine qu\u2019elle r\u00e9unit en un recueil intitul\u00e9 \u00abLa plume vagabonde, d\u2019une rive \u00e0 l\u2019autre, d\u2019une culture \u00e0 l\u2019autre\u00bb, publi\u00e9 par l\u2019Acad\u00e9mie tunisienne des sciences, des lettres et des arts, Be\u00eft al-Hikma. \u00ab Ces textes, \u00e9crit-elle en pr\u00e9face, permettent de placer au premier plan des questions essentielles, litt\u00e9raires, politiques et sociales. Miroir de leur temps, ils sont une contribution \u00e0 la m\u00e9moire collective culturelle et &#8230;<\/p>\n<\/div>\n<p>Auteur:<br \/>\n<a href=\"https:\/\/www.leaders.com.tn\/article\/33293-alia-bornaz-baccar-et-sa-plume-vagabonde\">Cliquez ici pour lire l&rsquo;article depuis sa source.<\/a><\/p>\n","protected":false},"excerpt":{"rendered":"<p>Mettant \u00e0 profit les longues semaines de confinement en 2021, Alia Bornaz Baccar est revenue sur ses \u00e9crits en langue fran\u00e7aise datant d\u2019\u00e0 partir 1979, particuli\u00e8rement ceux qui n\u2019ont pas \u00e9t\u00e9 publi\u00e9s. Elle en a retenu une cinquantaine qu\u2019elle r\u00e9unit en un recueil intitul\u00e9 \u00abLa plume vagabonde, d\u2019une rive \u00e0 l\u2019autre, d\u2019une culture \u00e0 l\u2019autre\u00bb, [&hellip;]<\/p>\n","protected":false},"author":1772,"featured_media":0,"comment_status":"closed","ping_status":"closed","sticky":false,"template":"","format":"standard","meta":{"fifu_image_url":"http:\/\/www.leaders.com.tn\/uploads\/content\/thumbnails_small\/1651423784_article.jpg","fifu_image_alt":"Alia Bornaz Baccar et sa plume vagabonde","footnotes":""},"categories":[73,55],"tags":[],"class_list":["post-146814","post","type-post","status-publish","format-standard","hentry","category-actualite","category-tunisie"],"_links":{"self":[{"href":"https:\/\/linitiative.ca\/International\/wp-json\/wp\/v2\/posts\/146814","targetHints":{"allow":["GET"]}}],"collection":[{"href":"https:\/\/linitiative.ca\/International\/wp-json\/wp\/v2\/posts"}],"about":[{"href":"https:\/\/linitiative.ca\/International\/wp-json\/wp\/v2\/types\/post"}],"author":[{"embeddable":true,"href":"https:\/\/linitiative.ca\/International\/wp-json\/wp\/v2\/users\/1772"}],"replies":[{"embeddable":true,"href":"https:\/\/linitiative.ca\/International\/wp-json\/wp\/v2\/comments?post=146814"}],"version-history":[{"count":0,"href":"https:\/\/linitiative.ca\/International\/wp-json\/wp\/v2\/posts\/146814\/revisions"}],"wp:attachment":[{"href":"https:\/\/linitiative.ca\/International\/wp-json\/wp\/v2\/media?parent=146814"}],"wp:term":[{"taxonomy":"category","embeddable":true,"href":"https:\/\/linitiative.ca\/International\/wp-json\/wp\/v2\/categories?post=146814"},{"taxonomy":"post_tag","embeddable":true,"href":"https:\/\/linitiative.ca\/International\/wp-json\/wp\/v2\/tags?post=146814"}],"curies":[{"name":"wp","href":"https:\/\/api.w.org\/{rel}","templated":true}]}}