{"id":146820,"date":"2022-05-02T11:40:31","date_gmt":"2022-05-02T15:40:31","guid":{"rendered":"https:\/\/linitiative.ca\/International\/maitrise-de-lincendie-declare-au-marche-du-henne-a-gabes\/"},"modified":"2022-05-02T11:40:31","modified_gmt":"2022-05-02T15:40:31","slug":"maitrise-de-lincendie-declare-au-marche-du-henne-a-gabes","status":"publish","type":"post","link":"https:\/\/linitiative.ca\/International\/maitrise-de-lincendie-declare-au-marche-du-henne-a-gabes\/","title":{"rendered":"Ma\u00eetrise de l\u2019incendie d\u00e9clar\u00e9 au march\u00e9 du Henn\u00e9 \u00e0 Gab\u00e8s"},"content":{"rendered":"<div>\n<p>Les unit\u00e9s de la Protection civile \u00e0 Gab\u00e8s ont r\u00e9ussi \u00e0 maitriser l\u2019incendie d\u00e9clar\u00e9 au march\u00e9 du Henn\u00e9. Les feux ont d\u00e9vor\u00e9 de nombreux boutiques d\u2019artisanat au march\u00e9 en question, a rapport\u00e9 une radio priv\u00e9e. Selon la m\u00eame source, l\u2019incendie n\u2019a pas caus\u00e9 de d\u00e9g\u00e2ts humains.<\/p>\n<p>L\u2019article <a href=\"https:\/\/www.tunisienumerique.com\/maitrise-de-lincendie-declare-au-marche-du-henne-a-gabes\/\">Ma\u00eetrise de l\u2019incendie d\u00e9clar\u00e9 au march\u00e9 du Henn\u00e9 \u00e0 Gab\u00e8s<\/a> est apparu en premier sur <a href=\"https:\/\/www.tunisienumerique.com\/\">Tunisie<\/a>.<\/p>\n<\/div>\n<p>Auteur: chahrazed chamsi<br \/>\n<a href=\"https:\/\/www.tunisienumerique.com\/maitrise-de-lincendie-declare-au-marche-du-henne-a-gabes\/\">Cliquez ici pour lire l&rsquo;article depuis sa source.<\/a><\/p>\n","protected":false},"excerpt":{"rendered":"<p>Les unit\u00e9s de la Protection civile \u00e0 Gab\u00e8s ont r\u00e9ussi \u00e0 maitriser l\u2019incendie d\u00e9clar\u00e9 au march\u00e9 du Henn\u00e9. Les feux ont d\u00e9vor\u00e9 de nombreux boutiques d\u2019artisanat au march\u00e9 en question, a rapport\u00e9 une radio priv\u00e9e. Selon la m\u00eame source, l\u2019incendie n\u2019a pas caus\u00e9 de d\u00e9g\u00e2ts humains. L\u2019article Ma\u00eetrise de l\u2019incendie d\u00e9clar\u00e9 au march\u00e9 du Henn\u00e9 [&hellip;]<\/p>\n","protected":false},"author":1789,"featured_media":0,"comment_status":"closed","ping_status":"closed","sticky":false,"template":"","format":"standard","meta":{"fifu_image_url":"","fifu_image_alt":"","footnotes":""},"categories":[73,55],"tags":[],"class_list":["post-146820","post","type-post","status-publish","format-standard","hentry","category-actualite","category-tunisie"],"_links":{"self":[{"href":"https:\/\/linitiative.ca\/International\/wp-json\/wp\/v2\/posts\/146820","targetHints":{"allow":["GET"]}}],"collection":[{"href":"https:\/\/linitiative.ca\/International\/wp-json\/wp\/v2\/posts"}],"about":[{"href":"https:\/\/linitiative.ca\/International\/wp-json\/wp\/v2\/types\/post"}],"author":[{"embeddable":true,"href":"https:\/\/linitiative.ca\/International\/wp-json\/wp\/v2\/users\/1789"}],"replies":[{"embeddable":true,"href":"https:\/\/linitiative.ca\/International\/wp-json\/wp\/v2\/comments?post=146820"}],"version-history":[{"count":0,"href":"https:\/\/linitiative.ca\/International\/wp-json\/wp\/v2\/posts\/146820\/revisions"}],"wp:attachment":[{"href":"https:\/\/linitiative.ca\/International\/wp-json\/wp\/v2\/media?parent=146820"}],"wp:term":[{"taxonomy":"category","embeddable":true,"href":"https:\/\/linitiative.ca\/International\/wp-json\/wp\/v2\/categories?post=146820"},{"taxonomy":"post_tag","embeddable":true,"href":"https:\/\/linitiative.ca\/International\/wp-json\/wp\/v2\/tags?post=146820"}],"curies":[{"name":"wp","href":"https:\/\/api.w.org\/{rel}","templated":true}]}}