{"id":146822,"date":"2022-05-02T12:27:15","date_gmt":"2022-05-02T16:27:15","guid":{"rendered":"https:\/\/linitiative.ca\/International\/mercato-ghazi-ghrairi-nouveau-coach-dal-merreikh\/"},"modified":"2022-05-02T12:27:15","modified_gmt":"2022-05-02T16:27:15","slug":"mercato-ghazi-ghrairi-nouveau-coach-dal-merreikh","status":"publish","type":"post","link":"https:\/\/linitiative.ca\/International\/mercato-ghazi-ghrairi-nouveau-coach-dal-merreikh\/","title":{"rendered":"Mercato : Ghazi Ghra\u00efri, nouveau coach d\u2019Al Merreikh"},"content":{"rendered":"<div>\n<p>La page officielle du club soudanais Al Merreikh a confirm\u00e9 l\u2019officialisation de la nomination du coach tunisien Ghazi Ghra\u00efri comme entra\u00eener de son \u00e9quipe s\u00e9niors, apr\u00e8s le commun accord entre les deux parties. Les responsables soudanais ont soulign\u00e9 que Ghra\u00efri signera son contrat dans les prochains jours et que son compatriote Mohamed Slama a \u00e9t\u00e9 [\u2026]<\/p>\n<p>L\u2019article <a href=\"https:\/\/sport.tunisienumerique.com\/mercato-ghazi-ghrairi-nouveau-coach-dal-merreikh\/\">Mercato : Ghazi Ghra\u00efri, nouveau coach d\u2019Al Merreikh<\/a> est apparu en premier sur <a href=\"https:\/\/www.tunisienumerique.com\/\">Tunisie<\/a>.<\/p>\n<\/div>\n<p>Auteur: Hamza Ben Khlifa<br \/>\n<a href=\"https:\/\/sport.tunisienumerique.com\/mercato-ghazi-ghrairi-nouveau-coach-dal-merreikh\/\">Cliquez ici pour lire l&rsquo;article depuis sa source.<\/a><\/p>\n","protected":false},"excerpt":{"rendered":"<p>La page officielle du club soudanais Al Merreikh a confirm\u00e9 l\u2019officialisation de la nomination du coach tunisien Ghazi Ghra\u00efri comme entra\u00eener de son \u00e9quipe s\u00e9niors, apr\u00e8s le commun accord entre les deux parties. Les responsables soudanais ont soulign\u00e9 que Ghra\u00efri signera son contrat dans les prochains jours et que son compatriote Mohamed Slama a \u00e9t\u00e9 [&hellip;]<\/p>\n","protected":false},"author":1789,"featured_media":0,"comment_status":"closed","ping_status":"closed","sticky":false,"template":"","format":"standard","meta":{"fifu_image_url":"","fifu_image_alt":"","footnotes":""},"categories":[73,55],"tags":[],"class_list":["post-146822","post","type-post","status-publish","format-standard","hentry","category-actualite","category-tunisie"],"_links":{"self":[{"href":"https:\/\/linitiative.ca\/International\/wp-json\/wp\/v2\/posts\/146822","targetHints":{"allow":["GET"]}}],"collection":[{"href":"https:\/\/linitiative.ca\/International\/wp-json\/wp\/v2\/posts"}],"about":[{"href":"https:\/\/linitiative.ca\/International\/wp-json\/wp\/v2\/types\/post"}],"author":[{"embeddable":true,"href":"https:\/\/linitiative.ca\/International\/wp-json\/wp\/v2\/users\/1789"}],"replies":[{"embeddable":true,"href":"https:\/\/linitiative.ca\/International\/wp-json\/wp\/v2\/comments?post=146822"}],"version-history":[{"count":0,"href":"https:\/\/linitiative.ca\/International\/wp-json\/wp\/v2\/posts\/146822\/revisions"}],"wp:attachment":[{"href":"https:\/\/linitiative.ca\/International\/wp-json\/wp\/v2\/media?parent=146822"}],"wp:term":[{"taxonomy":"category","embeddable":true,"href":"https:\/\/linitiative.ca\/International\/wp-json\/wp\/v2\/categories?post=146822"},{"taxonomy":"post_tag","embeddable":true,"href":"https:\/\/linitiative.ca\/International\/wp-json\/wp\/v2\/tags?post=146822"}],"curies":[{"name":"wp","href":"https:\/\/api.w.org\/{rel}","templated":true}]}}