{"id":146824,"date":"2022-05-02T13:15:29","date_gmt":"2022-05-02T17:15:29","guid":{"rendered":"https:\/\/linitiative.ca\/International\/sidi-bouzid-apres-2-ans-de-covid-les-habitants-celebrent-la-fete-de-laid-comme-il-se-doit-audio\/"},"modified":"2022-05-02T13:15:29","modified_gmt":"2022-05-02T17:15:29","slug":"sidi-bouzid-apres-2-ans-de-covid-les-habitants-celebrent-la-fete-de-laid-comme-il-se-doit-audio","status":"publish","type":"post","link":"https:\/\/linitiative.ca\/International\/sidi-bouzid-apres-2-ans-de-covid-les-habitants-celebrent-la-fete-de-laid-comme-il-se-doit-audio\/","title":{"rendered":"Sidi Bouzid: Apr\u00e8s 2 ans de Covid, les habitants c\u00e9l\u00e8brent la f\u00eate de l\u2019A\u00efd comme il se doit [Audio]"},"content":{"rendered":"<div>\n<p>Les f\u00eates de l\u2019A\u00efd ont repris aujourd\u2019hui \u00e0 Sidi Bouzid apr\u00e8s deux ans de lourdes mesures de protection sur le plan sanitaire. De nombreuses familles r\u00e9sidant hors du gouvernorat en question sont revenus \u00e0 leur r\u00e9gion d\u2019origine pour rendre visite \u00e0 leurs familles. Les tunisiens profitent de cette occasion pour se r\u00e9unir avec leurs familles [\u2026]<\/p>\n<p>L\u2019article <a href=\"https:\/\/www.tunisienumerique.com\/sidi-bouzid-apres-2-ans-de-covid-les-habitants-celebrent-la-fete-de-laid-comme-il-se-doit-audio\/\">Sidi Bouzid: Apr\u00e8s 2 ans de Covid, les habitants c\u00e9l\u00e8brent la f\u00eate de l\u2019A\u00efd comme il se doit [Audio]<\/a> est apparu en premier sur <a href=\"https:\/\/www.tunisienumerique.com\/\">Tunisie<\/a>.<\/p>\n<\/div>\n<p>Auteur: chahrazed chamsi<br \/>\n<a href=\"https:\/\/www.tunisienumerique.com\/sidi-bouzid-apres-2-ans-de-covid-les-habitants-celebrent-la-fete-de-laid-comme-il-se-doit-audio\/\">Cliquez ici pour lire l&rsquo;article depuis sa source.<\/a><\/p>\n","protected":false},"excerpt":{"rendered":"<p>Les f\u00eates de l\u2019A\u00efd ont repris aujourd\u2019hui \u00e0 Sidi Bouzid apr\u00e8s deux ans de lourdes mesures de protection sur le plan sanitaire. De nombreuses familles r\u00e9sidant hors du gouvernorat en question sont revenus \u00e0 leur r\u00e9gion d\u2019origine pour rendre visite \u00e0 leurs familles. Les tunisiens profitent de cette occasion pour se r\u00e9unir avec leurs familles [&hellip;]<\/p>\n","protected":false},"author":1789,"featured_media":0,"comment_status":"closed","ping_status":"closed","sticky":false,"template":"","format":"standard","meta":{"fifu_image_url":"","fifu_image_alt":"","footnotes":""},"categories":[73,55],"tags":[],"class_list":["post-146824","post","type-post","status-publish","format-standard","hentry","category-actualite","category-tunisie"],"_links":{"self":[{"href":"https:\/\/linitiative.ca\/International\/wp-json\/wp\/v2\/posts\/146824","targetHints":{"allow":["GET"]}}],"collection":[{"href":"https:\/\/linitiative.ca\/International\/wp-json\/wp\/v2\/posts"}],"about":[{"href":"https:\/\/linitiative.ca\/International\/wp-json\/wp\/v2\/types\/post"}],"author":[{"embeddable":true,"href":"https:\/\/linitiative.ca\/International\/wp-json\/wp\/v2\/users\/1789"}],"replies":[{"embeddable":true,"href":"https:\/\/linitiative.ca\/International\/wp-json\/wp\/v2\/comments?post=146824"}],"version-history":[{"count":0,"href":"https:\/\/linitiative.ca\/International\/wp-json\/wp\/v2\/posts\/146824\/revisions"}],"wp:attachment":[{"href":"https:\/\/linitiative.ca\/International\/wp-json\/wp\/v2\/media?parent=146824"}],"wp:term":[{"taxonomy":"category","embeddable":true,"href":"https:\/\/linitiative.ca\/International\/wp-json\/wp\/v2\/categories?post=146824"},{"taxonomy":"post_tag","embeddable":true,"href":"https:\/\/linitiative.ca\/International\/wp-json\/wp\/v2\/tags?post=146824"}],"curies":[{"name":"wp","href":"https:\/\/api.w.org\/{rel}","templated":true}]}}