{"id":146825,"date":"2022-05-02T11:58:23","date_gmt":"2022-05-02T15:58:23","guid":{"rendered":"https:\/\/linitiative.ca\/International\/fete-de-laid-el-fitr-limam-abdallah-ouedraogo-plaide-pour-une-justice-sociale\/"},"modified":"2022-05-02T11:58:23","modified_gmt":"2022-05-02T15:58:23","slug":"fete-de-laid-el-fitr-limam-abdallah-ouedraogo-plaide-pour-une-justice-sociale","status":"publish","type":"post","link":"https:\/\/linitiative.ca\/International\/fete-de-laid-el-fitr-limam-abdallah-ouedraogo-plaide-pour-une-justice-sociale\/","title":{"rendered":"F\u00eate de l\u2019A\u00efd el Fitr\u00a0:  L\u2019imam Abdallah Ou\u00e9draogo plaide pour une justice sociale"},"content":{"rendered":"<div>\n<p><strong>Les fid\u00e8les musulmans ont c\u00e9l\u00e9br\u00e9 l\u2019A\u00efd el Fitr marquant la fin du Ramadan, le lundi 2 mai 2022. A Ouagadougou, la communaut\u00e9 musulmane du Burkina Faso a pri\u00e9, \u00e0 la Place de la Nation sous l\u2019\u00e9gide de l\u2019imam Abdallah Ou\u00e9draogo.<\/strong><\/p>\n<p><strong>\u00a0<\/strong>En ce d\u00e9but de journ\u00e9e du 2 mai 2022, le sourire se lit sur les visages des fid\u00e8les musulmans qui convergent \u00e0 la Place de la Nation de Ouagadougou. Comme \u00e0 l\u2019accoutum\u00e9, cette mythique place est \u00ab\u00a0envahie\u00a0\u00bb d\u00e8s 8 heures par les fid\u00e8les par\u00e9s de beaux v\u00eatements, venus prendre part \u00e0 la pri\u00e8re de l\u2019A\u00efd el Fitr marquant la fin du mois de Ramadan. Avant l\u2019arriv\u00e9e de l\u2019imam Abdallah Ou\u00e9draogo qui va officier la pri\u00e8re au nom de la Communaut\u00e9 musulmane du Burkina Faso (CMBF), les fid\u00e8les ont droit \u00e0 des cantiques, chants\u2026en la gloire d\u2019Allah qui leur a permis de je\u00fbner 29 jours durant. 9H5mn, l\u2019imam fait son entr\u00e9e dans l\u2019espace de la pri\u00e8re. Les fid\u00e8les commencent \u00e0 s\u2019\u00a0\u00ab\u00a0extirper\u00a0\u00bb de leurs nattes et tapis de pri\u00e8re\u20269H10mn, c\u2019est le d\u00e9but de la pri\u00e8re solennelle de l\u2019A\u00efd el Fitr. Apr\u00e8s deux rakats l\u2019imam met fin \u00e0 la pri\u00e8re. Place au sermon. Dans son adresse aux milliers de fid\u00e8les, Abdallah Ou\u00e9draogo rend gr\u00e2ce \u00e0 Allah d\u2019avoir permis apr\u00e8s un mois de privation, d\u2019abstinence d\u2019arriver \u00e0 ce jour. Dans son sermon \u00e0 l\u2019assistance qui a le visage riv\u00e9 sur lui, il insiste beaucoup sur la justice sociale et le partage. <em>\u00ab\u00a0Aujourd\u2019hui, lorsque vous avez des probl\u00e8mes au niveau des citoyens, administrations\u2026il faut revoir la question de la justice \u00e0 tout moment. S\u2019il y\u2019a la justice, il y\u2019a la paix. S\u2019il n\u2019y\u2019a pas la justice, cela cr\u00e9e une sorte de r\u00e9volte\u00a0\u00bb,<\/em> alerte l\u2019imam. Avec la crise s\u00e9curitaire que le pays traverse, il estime que les Burkinab\u00e8 ne doivent pas rester les bras crois\u00e9s, les yeux ferm\u00e9s envers nos fr\u00e8res d\u00e9plac\u00e9s en situation difficile. Donc, dit qu\u2019il appartient \u00e0 tous de travailler \u00e0 partager avec eux selon les recommandations de l\u2019islam. <em>\u00ab\u00a0Lorsque vous avez a mang\u00e9, des biens\u2026il faut songer aux pauvres et partager avec eux. Nous avons aujourd\u2019hui des d\u00e9plac\u00e9s qui n\u2019ont rien et d\u00e9pouiller de tous leurs biens. Mais s\u2019il y\u2019a une justice sociale, il y\u2019a une sorte de compl\u00e9mentarit\u00e9 entre les gens dans la soci\u00e9t\u00e9\u00a0\u00bb,<\/em> insiste l\u2019imam. Le pays traversant des difficult\u00e9s sur le plan s\u00e9curitaire, l\u2019imam Ou\u00e9draogo r\u00e9v\u00e8le que l\u2019arme du croyant, c\u2019est la pri\u00e8re. C\u2019est pourquoi, il souhaite que tous joignent leurs voix et pri\u00e8res pour demander \u00e0 Allah de r\u00e9pandre sa cl\u00e9mence et sa paix sur le pays. De tout c\u0153ur, le Mogho\u00a0Naaba Baongo, souhaite que la paix r\u00e8gne au Burkina. Et pour cela, il dit que les Burkinab\u00e8 doivent s\u2019entraider et surtout renforcer leurs liens de\u00a0 solidarit\u00e9. Le pr\u00e9sident de\u00a0 la CMBF, Moussa Kouanda tout en \u00a0remerciant Dieu d\u2019avoir accord\u00e9 \u00e0 tous les musulmans ce jour b\u00e9ni reconnait qu\u2019aujourd\u2019hui, le Burkina vit une situation critique. Fort de ce constat, il\u00a0 dit qu\u2019il va demander \u00e0 tous les imams de multiplier les pri\u00e8res pour la paix au Pays des Hommes int\u00e8gres.<\/p>\n<p>\u00a0<\/p>\n<p><strong>L\u2019unit\u00e9 dans la diversit\u00e9<\/strong><\/p>\n<p><strong> <img decoding=\"async\" loading=\"lazy\" class=\"alignnone wp-image-48864 size-full\" src=\"https:\/\/linitiative.ca\/International\/wp-content\/uploads\/sites\/23\/2022\/05\/4.jpg\" alt=\"\" width=\"900\" height=\"600\" srcset=\"https:\/\/linitiative.ca\/International\/wp-content\/uploads\/sites\/23\/2022\/05\/4.jpg 900w, https:\/\/www.sidwaya.info\/wp-content\/uploads\/2022\/05\/4-300x200.jpg 300w, https:\/\/www.sidwaya.info\/wp-content\/uploads\/2022\/05\/4-768x512.jpg 768w, https:\/\/www.sidwaya.info\/wp-content\/uploads\/2022\/05\/4-150x100.jpg 150w, https:\/\/www.sidwaya.info\/wp-content\/uploads\/2022\/05\/4-696x464.jpg 696w, https:\/\/www.sidwaya.info\/wp-content\/uploads\/2022\/05\/4-630x420.jpg 630w\" sizes=\"auto, (max-width: 900px) 100vw, 900px\"><\/strong><\/p>\n<p>A cette c\u00e9l\u00e9bration de la f\u00eate de la rupture du je\u00fbne, le ministre en charge des affaires religieuses, Issaka Sourwema et le ministre en charge de la coh\u00e9sion sociale sont venus au nom du gouvernement soutenir la CMBF. <em>\u00ab\u00a0Nous sommes venus apporter notre soutien \u00e0 la communaut\u00e9 musulmane\u00a0\u00bb<\/em>, indique M. Sourwema. Ce dernier dit \u00eatre heureux de l\u2019extraordinaire limpidit\u00e9 et pertinence du sermon de l\u2019imam qui a pr\u00each\u00e9 pour l\u2019unit\u00e9 dans la diversit\u00e9. Pour lui, c\u2019est dans la diff\u00e9rence que chacun peut apporter ce qu\u2019il a de particulier, de fondamental de mani\u00e8re \u00e0 construire une soci\u00e9t\u00e9 unie. <em>\u00ab\u00a0Dans la soci\u00e9t\u00e9 burkinab\u00e8 qui est confessionnellement et ethniquement multiple, en r\u00e9alit\u00e9, nous devrions rechercher dans ces sp\u00e9cificit\u00e9s le d\u00e9nominateur commun positif qui nous permet de vivre ensemble. Toutes les \u00e2mes et religions sont de m\u00eame valeur. Sinon Dieu n\u2019aurait pas permis que les diff\u00e9rentes religions existent\u00a0\u00bb,<\/em> affirme le ministre en charge des cultes. Le pr\u00e9sident de la CMBF d\u2019ajouter\u00a0: <em>\u00ab\u00a0C\u2019est le seul pays o\u00f9 tu rentres dans une famille et tu trouves toutes les religions repr\u00e9sent\u00e9es. Nous n\u2019avons aucun probl\u00e8me de vivre ensemble. C\u2019est un don de Dieu\u00a0\u00bb<\/em>, se r\u00e9joui Moussa Kouanda. Le charg\u00e9 d\u2019affaires du nonce apostolique, Abb\u00e9 Boya Johny, au nom du pape Fran\u00e7ois et du cardinal Philippe Ou\u00e9drago souhaite une bonne c\u00e9l\u00e9bration de l\u2019A\u00efd el Fitr \u00e0 tous les musulmans. <em>\u00ab\u00a0Les Chr\u00e9tiens et Musulmans doivent partager la joie et le pain. Dans la situation difficile du Burkina, avec la collaboration entre musulmans et chr\u00e9tiens, nous avons confiance de pouvoir relever le d\u00e9fi, surmonter les difficult\u00e9s avec la pri\u00e8re\u00a0\u00bb,<\/em> pense Abb\u00e9 Boya Jonhy.<\/p>\n<p><strong>Abdel Aziz NABALOUM<\/strong><\/p>\n<p><a href=\"mailto:emirathe@yahoo.fr\"><strong>emirathe@yahoo.fr<\/strong><\/a><\/p>\n<p><strong>Cr\u00e9dit photo\u00a0: Remi ZOERINGRE<\/strong><\/p>\n<p>L\u2019article <a rel=\"nofollow\" href=\"https:\/\/www.sidwaya.info\/blog\/2022\/05\/02\/fete-de-laid-el-fitr-limam-abdallah-ouedraogo-plaide-pour-une-justice-sociale\/\">F\u00eate de l\u2019A\u00efd el Fitr\u00a0:  L\u2019imam Abdallah Ou\u00e9draogo plaide pour une justice sociale<\/a> est apparu en premier sur <a rel=\"nofollow\" href=\"https:\/\/www.sidwaya.info\/\">Quotidien Sidwaya<\/a>.<\/p>\n<\/div>\n<p>Auteur: BS. Sidwaya<br \/>\n<a href=\"https:\/\/www.sidwaya.info\/blog\/2022\/05\/02\/fete-de-laid-el-fitr-limam-abdallah-ouedraogo-plaide-pour-une-justice-sociale\/?utm_source=rss&#038;utm_medium=rss&#038;utm_campaign=fete-de-laid-el-fitr-limam-abdallah-ouedraogo-plaide-pour-une-justice-sociale\">Cliquez ici pour lire l&rsquo;article depuis sa source.<\/a><\/p>\n","protected":false},"excerpt":{"rendered":"<p>Les fid\u00e8les musulmans ont c\u00e9l\u00e9br\u00e9 l\u2019A\u00efd el Fitr marquant la fin du Ramadan, le lundi 2 mai 2022. A Ouagadougou, la communaut\u00e9 musulmane du Burkina Faso a pri\u00e9, \u00e0 la Place de la Nation sous l\u2019\u00e9gide de l\u2019imam Abdallah Ou\u00e9draogo. \u00a0En ce d\u00e9but de journ\u00e9e du 2 mai 2022, le sourire se lit sur les [&hellip;]<\/p>\n","protected":false},"author":1816,"featured_media":0,"comment_status":"closed","ping_status":"closed","sticky":false,"template":"","format":"standard","meta":{"fifu_image_url":"https:\/\/www.sidwaya.info\/wp-content\/uploads\/2022\/05\/4.jpg","fifu_image_alt":"F\u00eate de l\u2019A\u00efd el Fitr\u00a0:  L\u2019imam Abdallah Ou\u00e9draogo plaide pour une justice sociale","footnotes":""},"categories":[73,81],"tags":[],"class_list":["post-146825","post","type-post","status-publish","format-standard","hentry","category-actualite","category-burkina-faso"],"_links":{"self":[{"href":"https:\/\/linitiative.ca\/International\/wp-json\/wp\/v2\/posts\/146825","targetHints":{"allow":["GET"]}}],"collection":[{"href":"https:\/\/linitiative.ca\/International\/wp-json\/wp\/v2\/posts"}],"about":[{"href":"https:\/\/linitiative.ca\/International\/wp-json\/wp\/v2\/types\/post"}],"author":[{"embeddable":true,"href":"https:\/\/linitiative.ca\/International\/wp-json\/wp\/v2\/users\/1816"}],"replies":[{"embeddable":true,"href":"https:\/\/linitiative.ca\/International\/wp-json\/wp\/v2\/comments?post=146825"}],"version-history":[{"count":0,"href":"https:\/\/linitiative.ca\/International\/wp-json\/wp\/v2\/posts\/146825\/revisions"}],"wp:attachment":[{"href":"https:\/\/linitiative.ca\/International\/wp-json\/wp\/v2\/media?parent=146825"}],"wp:term":[{"taxonomy":"category","embeddable":true,"href":"https:\/\/linitiative.ca\/International\/wp-json\/wp\/v2\/categories?post=146825"},{"taxonomy":"post_tag","embeddable":true,"href":"https:\/\/linitiative.ca\/International\/wp-json\/wp\/v2\/tags?post=146825"}],"curies":[{"name":"wp","href":"https:\/\/api.w.org\/{rel}","templated":true}]}}