{"id":146833,"date":"2022-05-02T12:25:22","date_gmt":"2022-05-02T16:25:22","guid":{"rendered":"https:\/\/linitiative.ca\/International\/cameroun-paul-biya-declare-la-journee-du-mardi-03-mai-2022-feriee-officiel\/"},"modified":"2022-05-02T12:25:22","modified_gmt":"2022-05-02T16:25:22","slug":"cameroun-paul-biya-declare-la-journee-du-mardi-03-mai-2022-feriee-officiel","status":"publish","type":"post","link":"https:\/\/linitiative.ca\/International\/cameroun-paul-biya-declare-la-journee-du-mardi-03-mai-2022-feriee-officiel\/","title":{"rendered":"Cameroun : Paul Biya d\u00e9clare la journ\u00e9e du mardi 03 mai 2022 f\u00e9ri\u00e9e (Officiel)"},"content":{"rendered":"<div>\n<p><img decoding=\"async\" width=\"770\" height=\"440\" src=\"https:\/\/linitiative.ca\/International\/wp-content\/uploads\/sites\/23\/2022\/05\/Paul-Biya-Signature.jpg\" class=\"attachment-post-thumbnail size-post-thumbnail wp-post-image\" alt=\"Journ\u00e9e du 03 mai d\u00e9clar\u00e9e f\u00e9ri\u00e9e\" loading=\"lazy\" srcset=\"https:\/\/linitiative.ca\/International\/wp-content\/uploads\/sites\/23\/2022\/05\/Paul-Biya-Signature.jpg 770w, https:\/\/www.journalducameroun.com\/wp-content\/uploads\/2022\/05\/Paul-Biya-Signature-300x171.jpg 300w, https:\/\/www.journalducameroun.com\/wp-content\/uploads\/2022\/05\/Paul-Biya-Signature-768x439.jpg 768w, https:\/\/www.journalducameroun.com\/wp-content\/uploads\/2022\/05\/Paul-Biya-Signature-160x90.jpg 160w, https:\/\/www.journalducameroun.com\/wp-content\/uploads\/2022\/05\/Paul-Biya-Signature-350x200.jpg 350w, https:\/\/www.journalducameroun.com\/wp-content\/uploads\/2022\/05\/Paul-Biya-Signature-600x343.jpg 600w\" sizes=\"auto, (max-width: 770px) 100vw, 770px\"><\/p>\n<h2 style=\"text-align: justify;\">La d\u00e9cision est contenue dans un arr\u00eat\u00e9 du pr\u00e9sident de la R\u00e9publique Paul Biya en date du 02 mai 2022.<\/h2>\n<p style=\"text-align: justify;\">Le week-end qui a d\u00e9but\u00e9 vendredi 29 avril 2022, va se poursuivre jusqu&rsquo;au mardi 03 mai dans la nuit. la pr\u00e9sident de la R\u00e9publique vient de d\u00e9clarer la journ\u00e9e de mardi 03 mai 2022 comme non ouvrable. A la faveur de l&rsquo;arr\u00eat\u00e9 N\u00b0317\/CAB\/PR du 02 mai 2022, cette journ\u00e9e est d\u00e9clar\u00e9e f\u00e9ri\u00e9e sur l&rsquo;ensemble du territoire de la R\u00e9publique du Cameroun. Cette d\u00e9cision a pour fondement la constitution de 1996 et loi N\u00b073\/5 du 07 d\u00e9cembre 1973 fixant le r\u00e9gime des f\u00eates l\u00e9gales, modifi\u00e9e et compl\u00e9t\u00e9e par la loi N\u00b0 76\/08 du 08 juillet 1976.<\/p>\n<p style=\"text-align: justify;\">Cette d\u00e9cision du chef de l&rsquo;Etat r\u00e9sulte de la c\u00e9l\u00e9bration de la 136\u00e8 \u00e9dition de la journ\u00e9e internationale du travail dimanche 1er mai 2022 et de la f\u00eate du Ramadan ce lundi 02 mai 2022. Elle donne l&rsquo;occasion \u00e0 la communaut\u00e9 musulmane de poursuivre les r\u00e9jouissances sans aucune pression li\u00e9e \u00e0 la reprise des activit\u00e9s professionnelles, acad\u00e9miques ou scolaires le lendemain.<\/p>\n<figure id=\"attachment_408707\" aria-describedby=\"caption-attachment-408707\" style=\"width: 257px\" class=\"wp-caption alignnone\"><img loading=\"lazy\" decoding=\"async\" class=\"size-medium wp-image-408707\" src=\"https:\/\/linitiative.ca\/International\/wp-content\/uploads\/sites\/23\/2022\/05\/ARRETE-DECLARANT-MARDI-03-MAI-FERIE-257x300-1.jpg\" alt=\"Mardi 03 mai 2022 d\u00e9clar\u00e9 f\u00e9ri\u00e9 au Cameroun \" width=\"257\" height=\"300\"><figcaption id=\"caption-attachment-408707\" class=\"wp-caption-text\">Arr\u00eat\u00e9 du pr\u00e9sident de la R\u00e9publique<\/figcaption><\/figure>\n<p>Cet article <a rel=\"nofollow\" href=\"https:\/\/www.journalducameroun.com\/cameroun-paul-biya-declare-la-journee-du-mardi-03-mai-2022-feriee-officiel\/\">Cameroun : Paul Biya d\u00e9clare la journ\u00e9e du mardi 03 mai 2022 f\u00e9ri\u00e9e (Officiel)<\/a> est apparu en premier sur <a rel=\"nofollow\" href=\"https:\/\/www.journalducameroun.com\/\">Journal du Cameroun<\/a>.<\/p>\n<\/div>\n<p>Auteur: Arnaud MAWEL<br \/>\n<a href=\"https:\/\/www.journalducameroun.com\/cameroun-paul-biya-declare-la-journee-du-mardi-03-mai-2022-feriee-officiel\/\">Cliquez ici pour lire l&rsquo;article depuis sa source.<\/a><\/p>\n","protected":false},"excerpt":{"rendered":"<p>La d\u00e9cision est contenue dans un arr\u00eat\u00e9 du pr\u00e9sident de la R\u00e9publique Paul Biya en date du 02 mai 2022. Le week-end qui a d\u00e9but\u00e9 vendredi 29 avril 2022, va se poursuivre jusqu&rsquo;au mardi 03 mai dans la nuit. la pr\u00e9sident de la R\u00e9publique vient de d\u00e9clarer la journ\u00e9e de mardi 03 mai 2022 comme [&hellip;]<\/p>\n","protected":false},"author":1965,"featured_media":0,"comment_status":"closed","ping_status":"closed","sticky":false,"template":"","format":"standard","meta":{"fifu_image_url":"https:\/\/www.journalducameroun.com\/wp-content\/uploads\/2022\/05\/Paul-Biya-Signature.jpg","fifu_image_alt":"Cameroun : Paul Biya d\u00e9clare la journ\u00e9e du mardi 03 mai 2022 f\u00e9ri\u00e9e (Officiel)","footnotes":""},"categories":[73,82],"tags":[],"class_list":["post-146833","post","type-post","status-publish","format-standard","hentry","category-actualite","category-cameroun"],"_links":{"self":[{"href":"https:\/\/linitiative.ca\/International\/wp-json\/wp\/v2\/posts\/146833","targetHints":{"allow":["GET"]}}],"collection":[{"href":"https:\/\/linitiative.ca\/International\/wp-json\/wp\/v2\/posts"}],"about":[{"href":"https:\/\/linitiative.ca\/International\/wp-json\/wp\/v2\/types\/post"}],"author":[{"embeddable":true,"href":"https:\/\/linitiative.ca\/International\/wp-json\/wp\/v2\/users\/1965"}],"replies":[{"embeddable":true,"href":"https:\/\/linitiative.ca\/International\/wp-json\/wp\/v2\/comments?post=146833"}],"version-history":[{"count":0,"href":"https:\/\/linitiative.ca\/International\/wp-json\/wp\/v2\/posts\/146833\/revisions"}],"wp:attachment":[{"href":"https:\/\/linitiative.ca\/International\/wp-json\/wp\/v2\/media?parent=146833"}],"wp:term":[{"taxonomy":"category","embeddable":true,"href":"https:\/\/linitiative.ca\/International\/wp-json\/wp\/v2\/categories?post=146833"},{"taxonomy":"post_tag","embeddable":true,"href":"https:\/\/linitiative.ca\/International\/wp-json\/wp\/v2\/tags?post=146833"}],"curies":[{"name":"wp","href":"https:\/\/api.w.org\/{rel}","templated":true}]}}