{"id":146836,"date":"2022-05-02T14:18:03","date_gmt":"2022-05-02T18:18:03","guid":{"rendered":"https:\/\/linitiative.ca\/International\/la-paix-est-essentielle-pour-lequilibre-du-monde-ouattara\/"},"modified":"2022-05-02T14:18:03","modified_gmt":"2022-05-02T18:18:03","slug":"la-paix-est-essentielle-pour-lequilibre-du-monde-ouattara","status":"publish","type":"post","link":"https:\/\/linitiative.ca\/International\/la-paix-est-essentielle-pour-lequilibre-du-monde-ouattara\/","title":{"rendered":"La paix est \u00abessentielle\u00bb pour \u00abl\u2019\u00e9quilibre\u00bb du monde (Ouattara)"},"content":{"rendered":"<div>\n<p><img decoding=\"async\" width=\"800\" height=\"534\" src=\"https:\/\/linitiative.ca\/International\/wp-content\/uploads\/sites\/23\/2022\/05\/16515154831885.jpg\" class=\"attachment-post-thumbnail size-post-thumbnail wp-post-image\" alt=\"\" loading=\"lazy\" srcset=\"https:\/\/linitiative.ca\/International\/wp-content\/uploads\/sites\/23\/2022\/05\/16515154831885.jpg 800w, https:\/\/www.journalducameroun.com\/wp-content\/uploads\/2022\/05\/16515154831885-300x200.jpg 300w, https:\/\/www.journalducameroun.com\/wp-content\/uploads\/2022\/05\/16515154831885-768x513.jpg 768w, https:\/\/www.journalducameroun.com\/wp-content\/uploads\/2022\/05\/16515154831885-659x440.jpg 659w, https:\/\/www.journalducameroun.com\/wp-content\/uploads\/2022\/05\/16515154831885-600x401.jpg 600w\" sizes=\"auto, (max-width: 800px) 100vw, 800px\"><\/p>\n<p>Le chef de l&rsquo;\u00c9Tat ivoirien a invit\u00e9, ce lundi 2 mai, ses concitoyens \u00e0 cultiver la paix.\u00ab Nous traversons des moments tr\u00e8s difficiles avec les diff\u00e9rentes crises dans le monde et la paix est essentielle \u00a0pour que le monde puisse trouver son \u00e9quilibre et que toutes les maladies que nous avons v\u00e9cues soient \u00e9loign\u00e9es de nos populations \u00bb, a d\u00e9clar\u00e9 Alassane Ouattara.<\/p>\n<p>Il s&rsquo;exprimait au terme de la pri\u00e8re de la f\u00eate de l&rsquo;e\u00efd-el-fitr \u00e0 la grande mosqu\u00e9e de la Riviera Golf de Cocody, dans l&rsquo;Est de la capitale \u00e9conomique ivoirienne.<\/p>\n<p>\u00abJe voudrais encourager nos concitoyens \u00e0 continuer \u00e0 se faire confiance pour que la gr\u00e2ce d&rsquo;Allah continue \u00e0 r\u00e9gner sur notre beau pays. Ainsi, nous arriverons \u00e0 faire face \u00e0 toutes les difficult\u00e9s \u00e0 venir \u00bb, a-t-il ajout\u00e9.<\/p>\n<p>M. Ouattara a par ailleurs pr\u00e9sent\u00e9 ses \u00ab v\u0153ux les plus sinc\u00e8res \u00e0 tous les Ivoiriens, \u00e0 toutes les populations vivant en C\u00f4te d&rsquo;Ivoire \u00bb, remerciant dans la foul\u00e9e le \u00ab Seigneur pour la paix qui r\u00e8gne sur notre beau pays \u00bb.<\/p>\n<p>Pour lui, \u00ab cette paix est le fruit des efforts de tous les Ivoiriens \u00bb. \u00ab Je remercie Allah de nous avoir donn\u00e9 cette opportunit\u00e9, ce cadre d&rsquo;\u00e9changes qui nous a permis de renforcer la paix dans notre beau pays \u00bb, a conclu le pr\u00e9sident ivoirien.<\/p>\n<p>Cet article <a rel=\"nofollow\" href=\"https:\/\/www.journalducameroun.com\/la-paix-est-essentielle-pour-lequilibre-du-monde-ouattara\/\">La paix est \u00abessentielle\u00bb pour \u00abl\u2019\u00e9quilibre\u00bb du monde (Ouattara)<\/a> est apparu en premier sur <a rel=\"nofollow\" href=\"https:\/\/www.journalducameroun.com\/\">Journal du Cameroun<\/a>.<\/p>\n<\/div>\n<p>Auteur: APA News<br \/>\n<a href=\"https:\/\/www.journalducameroun.com\/la-paix-est-essentielle-pour-lequilibre-du-monde-ouattara\/\">Cliquez ici pour lire l&rsquo;article depuis sa source.<\/a><\/p>\n","protected":false},"excerpt":{"rendered":"<p>Le chef de l&rsquo;\u00c9Tat ivoirien a invit\u00e9, ce lundi 2 mai, ses concitoyens \u00e0 cultiver la paix.\u00ab Nous traversons des moments tr\u00e8s difficiles avec les diff\u00e9rentes crises dans le monde et la paix est essentielle \u00a0pour que le monde puisse trouver son \u00e9quilibre et que toutes les maladies que nous avons v\u00e9cues soient \u00e9loign\u00e9es de [&hellip;]<\/p>\n","protected":false},"author":1965,"featured_media":0,"comment_status":"closed","ping_status":"closed","sticky":false,"template":"","format":"standard","meta":{"fifu_image_url":"https:\/\/www.journalducameroun.com\/wp-content\/uploads\/2022\/05\/16515154831885.jpg","fifu_image_alt":"La paix est \u00abessentielle\u00bb pour \u00abl\u2019\u00e9quilibre\u00bb du monde (Ouattara)","footnotes":""},"categories":[73,82],"tags":[],"class_list":["post-146836","post","type-post","status-publish","format-standard","hentry","category-actualite","category-cameroun"],"_links":{"self":[{"href":"https:\/\/linitiative.ca\/International\/wp-json\/wp\/v2\/posts\/146836","targetHints":{"allow":["GET"]}}],"collection":[{"href":"https:\/\/linitiative.ca\/International\/wp-json\/wp\/v2\/posts"}],"about":[{"href":"https:\/\/linitiative.ca\/International\/wp-json\/wp\/v2\/types\/post"}],"author":[{"embeddable":true,"href":"https:\/\/linitiative.ca\/International\/wp-json\/wp\/v2\/users\/1965"}],"replies":[{"embeddable":true,"href":"https:\/\/linitiative.ca\/International\/wp-json\/wp\/v2\/comments?post=146836"}],"version-history":[{"count":0,"href":"https:\/\/linitiative.ca\/International\/wp-json\/wp\/v2\/posts\/146836\/revisions"}],"wp:attachment":[{"href":"https:\/\/linitiative.ca\/International\/wp-json\/wp\/v2\/media?parent=146836"}],"wp:term":[{"taxonomy":"category","embeddable":true,"href":"https:\/\/linitiative.ca\/International\/wp-json\/wp\/v2\/categories?post=146836"},{"taxonomy":"post_tag","embeddable":true,"href":"https:\/\/linitiative.ca\/International\/wp-json\/wp\/v2\/tags?post=146836"}],"curies":[{"name":"wp","href":"https:\/\/api.w.org\/{rel}","templated":true}]}}