{"id":146838,"date":"2022-05-02T15:18:03","date_gmt":"2022-05-02T19:18:03","guid":{"rendered":"https:\/\/linitiative.ca\/International\/macky-sall-celebre-leid-el-fitr-avec-des-efforts-face-a-linflation\/"},"modified":"2022-05-02T15:18:03","modified_gmt":"2022-05-02T19:18:03","slug":"macky-sall-celebre-leid-el-fitr-avec-des-efforts-face-a-linflation","status":"publish","type":"post","link":"https:\/\/linitiative.ca\/International\/macky-sall-celebre-leid-el-fitr-avec-des-efforts-face-a-linflation\/","title":{"rendered":"Macky Sall c\u00e9l\u00e8bre l\u2019E\u00efd-el-fitr avec des \u00ab efforts \u00bb face \u00e0 l\u2019inflation"},"content":{"rendered":"<div>\n<p><img decoding=\"async\" width=\"280\" height=\"180\" src=\"https:\/\/linitiative.ca\/International\/wp-content\/uploads\/sites\/23\/2022\/05\/16515190832411.jpg\" class=\"attachment-post-thumbnail size-post-thumbnail wp-post-image\" alt=\"\" loading=\"lazy\"><\/p>\n<p>Le pr\u00e9sident s\u00e9n\u00e9galais a pri\u00e9, ce lundi 2 mai, avec la grande majorit\u00e9 de la communaut\u00e9 musulmane pour marquer la fin du Ramadan, une f\u00eate qui \u00e9prouve cette ann\u00e9e la plupart des m\u00e9nages en raison de l&rsquo;augmentation des prix des produits de base et p\u00e9troliers.Macky Sall a pris part ce lundi \u00e0 la pri\u00e8re de l&rsquo;E\u00efd-el-fitr ou Korit\u00e9 \u00e0 la grande mosqu\u00e9e de Dakar. Il n&rsquo;a pas assist\u00e9 \u00e0 ces pri\u00e8res collectives depuis deux ans pratiquement, voulant donner l&rsquo;exemple \u00e0 sa population \u00e0 laquelle il recommande \u00e0 chaque occasion de respecter les gestes barri\u00e8res pour freiner la propagation de la Covid-19.<\/p>\n<p>Cette p\u00e9riode est aujourd&rsquo;hui derri\u00e8re les S\u00e9n\u00e9galais, plus pr\u00e9occup\u00e9s maintenant par la pand\u00e9mie de la hausse des prix des denr\u00e9es de premi\u00e8re n\u00e9cessit\u00e9.<\/p>\n<p>Ecoutant religieusement la pr\u00eache de l&rsquo;imam Alioune Moussa Sambe, le pr\u00e9sident Sall a compris que ses concitoyens ont aussi besoin, dans cette conjoncture difficile, de s&rsquo;inspirer des \u00ab vertus \u00bb enseign\u00e9es par l&rsquo;islam pour acqu\u00e9rir \u00ab la d\u00e9marche de foi \u00bb. Le chef de l&rsquo;Etat rappelle, en effet, que \u00ab nous vivons une p\u00e9riode trouble dans le monde \u00bb. Cette situation est accentu\u00e9e, depuis fin f\u00e9vrier, par le conflit entre l&rsquo;Ukraine et la Russie qui a engendr\u00e9 des cons\u00e9quences \u00e9conomiques et sociales graves.<\/p>\n<p>Cette guerre survient alors que \u00ab nous ne sommes pas encore sortis de la Covid-19 \u00bb, a pr\u00e9cis\u00e9 Macky Sall. En outre, ces pays bellig\u00e9rants jouent un grand r\u00f4le dans l&rsquo;approvisionnement du monde en bl\u00e9 et en produits p\u00e9tro-gaziers m\u00eame si son gouvernement fait tout pour att\u00e9nuer la souffrance des S\u00e9n\u00e9galais, a-t-il affirm\u00e9.<\/p>\n<p>Gutteres quitte Dakar<\/p>\n<p>\u00ab Nous avons l\u00e0 aussi fait des efforts pour contenir la pouss\u00e9e des prix (\u2026) Ce sont des al\u00e9as ext\u00e9rieurs qui impactent la vie. Ce n&rsquo;est pas seulement au S\u00e9n\u00e9gal, c&rsquo;est toute l&rsquo;Afrique qui subit, le monde entier. Nous prions pour un retour rapide de la paix en Ukraine. De ce retour de la paix en Ukraine d\u00e9pendra la stabilit\u00e9 \u00e9conomique et sociale du monde \u00bb, a indiqu\u00e9 le non moins pr\u00e9sident en exercice de l&rsquo;Union africaine (UA) qui a re\u00e7u la veille le secr\u00e9taire g\u00e9n\u00e9ral des Nations unies, Ant\u00f3nio Gutteres, avec qui il a \u00e9voqu\u00e9 le conflit russo-ukrainien et d&rsquo;autres sujets d&rsquo;int\u00e9r\u00eat r\u00e9gional et international.<\/p>\n<p>\u00ab Je rentre de Russie et de l&rsquo;Ukraine o\u00f9 j&rsquo;ai rencontr\u00e9 les diff\u00e9rents pr\u00e9sidents et les coll\u00e8gues des Nations unies qui \u0153uvrent chaque jour en faveur des victimes d&rsquo;une guerre insens\u00e9e \u00bb, a d\u00e9clar\u00e9, hier face \u00e0 la presse au palais de la R\u00e9publique, le diplomate portugais, qui est dans une mini-tourn\u00e9e africaine appel\u00e9e \u00ab visite de solidarit\u00e9 pour le Ramadan \u00bb.<\/p>\n<p>L&rsquo;E\u00efd-el-fitr a \u00e9t\u00e9 c\u00e9l\u00e9br\u00e9 dans la division dans certains pays ouest-africains. Au S\u00e9n\u00e9gal comme au Niger et au Mali, une partie des musulmans a f\u00eat\u00e9 la Korit\u00e9 hier dimanche apr\u00e8s avoir \u00e9t\u00e9 inform\u00e9e que la lune a \u00e9t\u00e9 scrut\u00e9e la veille par des gens qui n&rsquo;ont pas convaincu l&rsquo;essentiel des membres de cette forte communaut\u00e9.<\/p>\n<p>En revanche, le patron de l&rsquo;ONU rappelle qu&rsquo;il a commenc\u00e9 \u00e0 effectuer ces visites annuelles de solidarit\u00e9 \u00e0 l&rsquo;occasion du mois sacr\u00e9 musulman lorsqu&rsquo;il \u00e9tait Haut-Commissaire pour les r\u00e9fugi\u00e9s, entre 2005 et 2015. Avant de quitter Dakar ce lundi pour se rendre au Niger puis au Nigeria, il a insist\u00e9 sur sa volont\u00e9 de vouloir, cette ann\u00e9e, \u00ab exprimer sa solidarit\u00e9 avec les victimes du terrorisme dans la r\u00e9gion \u00bb du Sahel.<\/p>\n<p>Cet article <a rel=\"nofollow\" href=\"https:\/\/www.journalducameroun.com\/macky-sall-celebre-leid-el-fitr-avec-des-efforts-face-a-linflation\/\">Macky Sall c\u00e9l\u00e8bre l\u2019E\u00efd-el-fitr avec des \u00ab efforts \u00bb face \u00e0 l\u2019inflation<\/a> est apparu en premier sur <a rel=\"nofollow\" href=\"https:\/\/www.journalducameroun.com\/\">Journal du Cameroun<\/a>.<\/p>\n<\/div>\n<p>Auteur: APA News<br \/>\n<a href=\"https:\/\/www.journalducameroun.com\/macky-sall-celebre-leid-el-fitr-avec-des-efforts-face-a-linflation\/\">Cliquez ici pour lire l&rsquo;article depuis sa source.<\/a><\/p>\n","protected":false},"excerpt":{"rendered":"<p>Le pr\u00e9sident s\u00e9n\u00e9galais a pri\u00e9, ce lundi 2 mai, avec la grande majorit\u00e9 de la communaut\u00e9 musulmane pour marquer la fin du Ramadan, une f\u00eate qui \u00e9prouve cette ann\u00e9e la plupart des m\u00e9nages en raison de l&rsquo;augmentation des prix des produits de base et p\u00e9troliers.Macky Sall a pris part ce lundi \u00e0 la pri\u00e8re de [&hellip;]<\/p>\n","protected":false},"author":1965,"featured_media":0,"comment_status":"closed","ping_status":"closed","sticky":false,"template":"","format":"standard","meta":{"fifu_image_url":"https:\/\/www.journalducameroun.com\/wp-content\/uploads\/2022\/05\/16515190832411.jpg","fifu_image_alt":"Macky Sall c\u00e9l\u00e8bre l\u2019E\u00efd-el-fitr avec des \u00ab efforts \u00bb face \u00e0 l\u2019inflation","footnotes":""},"categories":[73,82],"tags":[],"class_list":["post-146838","post","type-post","status-publish","format-standard","hentry","category-actualite","category-cameroun"],"_links":{"self":[{"href":"https:\/\/linitiative.ca\/International\/wp-json\/wp\/v2\/posts\/146838","targetHints":{"allow":["GET"]}}],"collection":[{"href":"https:\/\/linitiative.ca\/International\/wp-json\/wp\/v2\/posts"}],"about":[{"href":"https:\/\/linitiative.ca\/International\/wp-json\/wp\/v2\/types\/post"}],"author":[{"embeddable":true,"href":"https:\/\/linitiative.ca\/International\/wp-json\/wp\/v2\/users\/1965"}],"replies":[{"embeddable":true,"href":"https:\/\/linitiative.ca\/International\/wp-json\/wp\/v2\/comments?post=146838"}],"version-history":[{"count":0,"href":"https:\/\/linitiative.ca\/International\/wp-json\/wp\/v2\/posts\/146838\/revisions"}],"wp:attachment":[{"href":"https:\/\/linitiative.ca\/International\/wp-json\/wp\/v2\/media?parent=146838"}],"wp:term":[{"taxonomy":"category","embeddable":true,"href":"https:\/\/linitiative.ca\/International\/wp-json\/wp\/v2\/categories?post=146838"},{"taxonomy":"post_tag","embeddable":true,"href":"https:\/\/linitiative.ca\/International\/wp-json\/wp\/v2\/tags?post=146838"}],"curies":[{"name":"wp","href":"https:\/\/api.w.org\/{rel}","templated":true}]}}