{"id":146840,"date":"2022-05-03T05:50:11","date_gmt":"2022-05-03T09:50:11","guid":{"rendered":"https:\/\/linitiative.ca\/International\/larache-soffre-un-lifting\/"},"modified":"2022-05-03T05:50:11","modified_gmt":"2022-05-03T09:50:11","slug":"larache-soffre-un-lifting","status":"publish","type":"post","link":"https:\/\/linitiative.ca\/International\/larache-soffre-un-lifting\/","title":{"rendered":"Larache s\u2019offre un lifting"},"content":{"rendered":"<div>\n<p><img decoding=\"async\" width=\"300\" height=\"153\" src=\"https:\/\/linitiative.ca\/International\/wp-content\/uploads\/sites\/23\/2022\/05\/Larache-le-projet-de-rehabilitation-du-rond-point-des-Martyrs-sera-fin-pret-apres-l_Aid-El-Fitr-300x153-1.jpg\" class=\"attachment-medium size-medium wp-post-image\" alt=\"\" loading=\"lazy\" srcset=\"https:\/\/linitiative.ca\/International\/wp-content\/uploads\/sites\/23\/2022\/05\/Larache-le-projet-de-rehabilitation-du-rond-point-des-Martyrs-sera-fin-pret-apres-l_Aid-El-Fitr-300x153-1.jpg 300w, https:\/\/aujourdhui.ma\/wp-content\/uploads\/2022\/05\/Larache-le-projet-de-rehabilitation-du-rond-point-des-Martyrs-sera-fin-pret-apres-l_Aid-El-Fitr-274x140.jpg 274w, https:\/\/aujourdhui.ma\/wp-content\/uploads\/2022\/05\/Larache-le-projet-de-rehabilitation-du-rond-point-des-Martyrs-sera-fin-pret-apres-l_Aid-El-Fitr.jpg 746w, https:\/\/aujourdhui.ma\/wp-content\/uploads\/2022\/05\/Larache-le-projet-de-rehabilitation-du-rond-point-des-Martyrs-sera-fin-pret-apres-l_Aid-El-Fitr-165x84.jpg 165w, https:\/\/aujourdhui.ma\/wp-content\/uploads\/2022\/05\/Larache-le-projet-de-rehabilitation-du-rond-point-des-Martyrs-sera-fin-pret-apres-l_Aid-El-Fitr-702x358.jpg 702w\" sizes=\"auto, (max-width: 300px) 100vw, 300px\"><\/p>\n<p><span style=\"font-size: 20px; color: #800000;\"><strong>Elle b\u00e9n\u00e9ficie d\u2019une r\u00e9habilitation et une restructuration routi\u00e8re<\/strong><\/span><span id=\"more-406745\"><\/span><\/p>\n<p>A l\u2019instar des autres communes du Nord, Larache poursuit l\u2019op\u00e9ration de r\u00e9am\u00e9nagement et d\u2019embellissement des principaux quartiers et espaces verts sur son territoire urbain. L\u2019objectif de cet important chantier est d\u2019accompagner la dynamique que conna\u00eet la r\u00e9gion, mais aussi de r\u00e9pondre aux attentes de la population de la ville c\u00f4ti\u00e8re.<\/p>\n<p>Dans ce sens, les travaux de r\u00e9habilitation de l\u2019entr\u00e9e de Larache se poursuivent au niveau de la route menant \u00e0 Ksar El K\u00e9bir et celle la liant \u00e0 Tanger. Faisant partie des pr\u00e9paratifs pour l\u2019\u00e9t\u00e9 prochain, sur lequel la ville mise beaucoup, ce projet devra \u00eatre fin pr\u00eat avant la p\u00e9riode estivale. D\u2019autant plus que le trafic routier est g\u00e9n\u00e9ralement dense durant cette saison sur cet axe routier.<\/p>\n<p><strong><span style=\"color: #ff0000;\">R\u00e9novation et embellissement des ronds-points<\/span><\/strong><\/p>\n<p>Au niveau du centre-ville, Larache b\u00e9n\u00e9ficie d\u2019un projet de r\u00e9habilitation et de restructuration routi\u00e8re \u00e0 travers, entres autres, la r\u00e9novation et l\u2019embellissement des ses ronds-points, dont la majorit\u00e9 d\u2019entre eux se trouvaient en \u00e9tat d\u2019abandon manifeste. Parmi lesquels, il y a lieu de citer celui de la place des Martyrs, plus commun\u00e9ment connue sous le nom de Sahat Zraa en raison du grand dynamisme commercial qu\u2019elle conna\u00eet en comparaison avec les autres lieux publics les plus fr\u00e9quent\u00e9s de la ville. Ce projet a permis la r\u00e9habilitation de la fontaine install\u00e9e sur ce rond-point. Pr\u00e9vue d\u2019\u00eatre fin pr\u00eate apr\u00e8s l\u2019A\u00efd Al Fitr, cette fontaine sera avec sa conception et ses zelliges bleu et blanc bien adapt\u00e9e \u00e0 l\u2019aspect architectural hispano-mauresque des c\u00e9l\u00e8bres b\u00e2timents avoisinants et consid\u00e9r\u00e9s comme une partie de la m\u00e9moire de la ville. Surplombant l\u2019une des places les plus fr\u00e9quent\u00e9es de la ville, le rond-point Tahrir (lib\u00e9ration) vient avec sa c\u00e9l\u00e8bre fontaine de b\u00e9n\u00e9ficier d\u2019une cure de jouvence au grand bonheur des amateurs du patrimoine. Surtout que h\u00e9rit\u00e9e du pass\u00e9 colonial espagnol, cette place continue de servir depuis sa cr\u00e9ation comme lieu pour la tenue de grands \u00e9v\u00e9nements (f\u00eates nationales ou religieuses ou nationales, salons,\u2026).<\/p>\n<p><span style=\"color: #ff0000;\"><strong>D\u00e9veloppement du patrimoine naturel<\/strong><\/span><\/p>\n<p>En plus de l\u2019embellissement et la mise en \u00e9tat de ses quartiers ainsi que la r\u00e9habilitation et le renforcement de ses infrastructures routi\u00e8res, ce projet permet de rendre \u00e0 Larache sa place de pionni\u00e8re en mati\u00e8re de d\u00e9veloppement du patrimoine naturel sur son territoire urbain. Il pr\u00e9voit d\u2019y proc\u00e9der \u00e0 la r\u00e9habilitation et l\u2019entretien des jardins et des espaces verts urbains. Parmi lesquels, figure celui du c\u00e9l\u00e8bre jardin des Hesp\u00e9rides situ\u00e9 dans la vall\u00e9e de Loukkous, dont les travaux avancent, mais la date de livraison n\u2019est pas encore fix\u00e9e.<\/p>\n<p>Rappelons que r\u00e9put\u00e9e par ses importants sites naturels et forestiers urbains, la province de Larache a b\u00e9n\u00e9fici\u00e9 d\u2019un ambitieux programme de mise \u00e0 niveau et la valorisation de ce patrimoine. Ce programme a permis de r\u00e9aliser l\u2019am\u00e9nagement et la mise en valeur de la for\u00eat Hostal, qui est consid\u00e9r\u00e9e comme le principal poumon pour Larache et servant principalement comme lieu de pique-nique et sport pour la population locale et celles des zones avoisinantes.<\/p>\n<\/div>\n<p>Auteur: Najat Fa\u00efssal<br \/>\n<a href=\"https:\/\/aujourdhui.ma\/societe\/larache-soffre-un-lifting\">Cliquez ici pour lire l&rsquo;article depuis sa source.<\/a><\/p>\n","protected":false},"excerpt":{"rendered":"<p>Elle b\u00e9n\u00e9ficie d\u2019une r\u00e9habilitation et une restructuration routi\u00e8re A l\u2019instar des autres communes du Nord, Larache poursuit l\u2019op\u00e9ration de r\u00e9am\u00e9nagement et d\u2019embellissement des principaux quartiers et espaces verts sur son territoire urbain. L\u2019objectif de cet important chantier est d\u2019accompagner la dynamique que conna\u00eet la r\u00e9gion, mais aussi de r\u00e9pondre aux attentes de la population de [&hellip;]<\/p>\n","protected":false},"author":1759,"featured_media":0,"comment_status":"closed","ping_status":"closed","sticky":false,"template":"","format":"standard","meta":{"fifu_image_url":"https:\/\/aujourdhui.ma\/wp-content\/uploads\/2022\/05\/Larache-le-projet-de-rehabilitation-du-rond-point-des-Martyrs-sera-fin-pret-apres-l_Aid-El-Fitr-300x153.jpg","fifu_image_alt":"Larache s\u2019offre un lifting","footnotes":""},"categories":[73,54],"tags":[],"class_list":["post-146840","post","type-post","status-publish","format-standard","hentry","category-actualite","category-maroc"],"_links":{"self":[{"href":"https:\/\/linitiative.ca\/International\/wp-json\/wp\/v2\/posts\/146840","targetHints":{"allow":["GET"]}}],"collection":[{"href":"https:\/\/linitiative.ca\/International\/wp-json\/wp\/v2\/posts"}],"about":[{"href":"https:\/\/linitiative.ca\/International\/wp-json\/wp\/v2\/types\/post"}],"author":[{"embeddable":true,"href":"https:\/\/linitiative.ca\/International\/wp-json\/wp\/v2\/users\/1759"}],"replies":[{"embeddable":true,"href":"https:\/\/linitiative.ca\/International\/wp-json\/wp\/v2\/comments?post=146840"}],"version-history":[{"count":0,"href":"https:\/\/linitiative.ca\/International\/wp-json\/wp\/v2\/posts\/146840\/revisions"}],"wp:attachment":[{"href":"https:\/\/linitiative.ca\/International\/wp-json\/wp\/v2\/media?parent=146840"}],"wp:term":[{"taxonomy":"category","embeddable":true,"href":"https:\/\/linitiative.ca\/International\/wp-json\/wp\/v2\/categories?post=146840"},{"taxonomy":"post_tag","embeddable":true,"href":"https:\/\/linitiative.ca\/International\/wp-json\/wp\/v2\/tags?post=146840"}],"curies":[{"name":"wp","href":"https:\/\/api.w.org\/{rel}","templated":true}]}}