{"id":146842,"date":"2022-05-03T07:43:57","date_gmt":"2022-05-03T11:43:57","guid":{"rendered":"https:\/\/linitiative.ca\/International\/deces-de-lancien-ministre-lahcen-sekkouri\/"},"modified":"2022-05-03T07:43:57","modified_gmt":"2022-05-03T11:43:57","slug":"deces-de-lancien-ministre-lahcen-sekkouri","status":"publish","type":"post","link":"https:\/\/linitiative.ca\/International\/deces-de-lancien-ministre-lahcen-sekkouri\/","title":{"rendered":"D\u00e9c\u00e8s de l\u2019ancien ministre Lahcen Sekkouri"},"content":{"rendered":"<div>\n<p><img decoding=\"async\" width=\"300\" height=\"153\" src=\"https:\/\/linitiative.ca\/International\/wp-content\/uploads\/sites\/23\/2022\/05\/Lahcen-Sekkouri-MAP-300x153-1.jpg\" class=\"attachment-medium size-medium wp-post-image\" alt=\"\" loading=\"lazy\" srcset=\"https:\/\/linitiative.ca\/International\/wp-content\/uploads\/sites\/23\/2022\/05\/Lahcen-Sekkouri-MAP-300x153-1.jpg 300w, https:\/\/aujourdhui.ma\/wp-content\/uploads\/2016\/03\/Lahcen-Sekkouri-MAP.jpg 746w\" sizes=\"auto, (max-width: 300px) 100vw, 300px\"><\/p>\n<p><span style=\"font-size: 20px; color: #800000;\"><strong>L\u2019ancien ministre de la Jeunesse et des Sports Lahcen Sekkouri est d\u00e9c\u00e9d\u00e9, mardi \u00e0 Rabat, des suites d\u2019une maladie, apprend-on aupr\u00e8s de sa famille.<\/strong><\/span><span id=\"more-406798\"><\/span><\/p>\n<p>N\u00e9 en 1952 \u00e0 Ain Cheggag (Sefrou), feu Sekkouri a occup\u00e9 plusieurs fonctions dans diff\u00e9rents d\u00e9partements notamment au Haut-Commissariat aux Eaux et For\u00eats et \u00e0 la Lutte contre la D\u00e9sertification, au minist\u00e8re de l\u2019Urbanisme et de l\u2019Am\u00e9nagement du Territoire et au minist\u00e8re de l\u2019Int\u00e9rieur.<\/p>\n<p>Membre de la Chambre des repr\u00e9sentants lors de la pr\u00e9c\u00e9dente l\u00e9gislature, feu Sekkouri \u00e9tait \u00e9galement Consul g\u00e9n\u00e9ral du Royaume du Maroc \u00e0 Renne (France).<\/p>\n<p>Laur\u00e9at de l\u2019Ecole Nationale d\u2019Administration Publique (ENA), feu Sekkouri \u00e9tait membre du bureau politique du Mouvement Populaire (MP). Il a particip\u00e9 \u00e0 plusieurs \u00e9tudes et projets de r\u00e9forme d\u2019envergure dont notamment l\u2019\u00e9laboration des propositions du MP sur la r\u00e9gionalisation avanc\u00e9e et la Constitution de 2011.<\/p>\n<\/div>\n<p>Auteur: ALM<br \/>\n<a href=\"https:\/\/aujourdhui.ma\/actualite\/deces-de-lancien-ministre-lahcen-sekkouri\">Cliquez ici pour lire l&rsquo;article depuis sa source.<\/a><\/p>\n","protected":false},"excerpt":{"rendered":"<p>L\u2019ancien ministre de la Jeunesse et des Sports Lahcen Sekkouri est d\u00e9c\u00e9d\u00e9, mardi \u00e0 Rabat, des suites d\u2019une maladie, apprend-on aupr\u00e8s de sa famille. N\u00e9 en 1952 \u00e0 Ain Cheggag (Sefrou), feu Sekkouri a occup\u00e9 plusieurs fonctions dans diff\u00e9rents d\u00e9partements notamment au Haut-Commissariat aux Eaux et For\u00eats et \u00e0 la Lutte contre la D\u00e9sertification, au [&hellip;]<\/p>\n","protected":false},"author":1759,"featured_media":0,"comment_status":"closed","ping_status":"closed","sticky":false,"template":"","format":"standard","meta":{"fifu_image_url":"https:\/\/aujourdhui.ma\/wp-content\/uploads\/2016\/03\/Lahcen-Sekkouri-MAP-300x153.jpg","fifu_image_alt":"D\u00e9c\u00e8s de l\u2019ancien ministre Lahcen Sekkouri","footnotes":""},"categories":[73,54],"tags":[],"class_list":["post-146842","post","type-post","status-publish","format-standard","hentry","category-actualite","category-maroc"],"_links":{"self":[{"href":"https:\/\/linitiative.ca\/International\/wp-json\/wp\/v2\/posts\/146842","targetHints":{"allow":["GET"]}}],"collection":[{"href":"https:\/\/linitiative.ca\/International\/wp-json\/wp\/v2\/posts"}],"about":[{"href":"https:\/\/linitiative.ca\/International\/wp-json\/wp\/v2\/types\/post"}],"author":[{"embeddable":true,"href":"https:\/\/linitiative.ca\/International\/wp-json\/wp\/v2\/users\/1759"}],"replies":[{"embeddable":true,"href":"https:\/\/linitiative.ca\/International\/wp-json\/wp\/v2\/comments?post=146842"}],"version-history":[{"count":0,"href":"https:\/\/linitiative.ca\/International\/wp-json\/wp\/v2\/posts\/146842\/revisions"}],"wp:attachment":[{"href":"https:\/\/linitiative.ca\/International\/wp-json\/wp\/v2\/media?parent=146842"}],"wp:term":[{"taxonomy":"category","embeddable":true,"href":"https:\/\/linitiative.ca\/International\/wp-json\/wp\/v2\/categories?post=146842"},{"taxonomy":"post_tag","embeddable":true,"href":"https:\/\/linitiative.ca\/International\/wp-json\/wp\/v2\/tags?post=146842"}],"curies":[{"name":"wp","href":"https:\/\/api.w.org\/{rel}","templated":true}]}}