{"id":146844,"date":"2022-05-03T07:50:23","date_gmt":"2022-05-03T11:50:23","guid":{"rendered":"https:\/\/linitiative.ca\/International\/chakib-wahid-le-theatre-marocain-sadapte-a-levolution-de-la-societe-et-a-louverture-sur-le-monde\/"},"modified":"2022-05-03T07:50:23","modified_gmt":"2022-05-03T11:50:23","slug":"chakib-wahid-le-theatre-marocain-sadapte-a-levolution-de-la-societe-et-a-louverture-sur-le-monde","status":"publish","type":"post","link":"https:\/\/linitiative.ca\/International\/chakib-wahid-le-theatre-marocain-sadapte-a-levolution-de-la-societe-et-a-louverture-sur-le-monde\/","title":{"rendered":"Chakib Wahid : \u00abLe th\u00e9\u00e2tre marocain s\u2019adapte \u00e0 l\u2019\u00e9volution  de la soci\u00e9t\u00e9 et \u00e0 l\u2019ouverture sur le monde\u00bb"},"content":{"rendered":"<div>\n<p><img decoding=\"async\" width=\"300\" height=\"153\" src=\"https:\/\/linitiative.ca\/International\/wp-content\/uploads\/sites\/23\/2022\/05\/Chakib-Wahid-300x153-1.jpg\" class=\"attachment-medium size-medium wp-post-image\" alt=\"\" loading=\"lazy\" srcset=\"https:\/\/linitiative.ca\/International\/wp-content\/uploads\/sites\/23\/2022\/05\/Chakib-Wahid-300x153-1.jpg 300w, https:\/\/aujourdhui.ma\/wp-content\/uploads\/2022\/05\/Chakib-Wahid-274x140.jpg 274w, https:\/\/aujourdhui.ma\/wp-content\/uploads\/2022\/05\/Chakib-Wahid.jpg 746w, https:\/\/aujourdhui.ma\/wp-content\/uploads\/2022\/05\/Chakib-Wahid-165x84.jpg 165w, https:\/\/aujourdhui.ma\/wp-content\/uploads\/2022\/05\/Chakib-Wahid-702x358.jpg 702w\" sizes=\"auto, (max-width: 300px) 100vw, 300px\"><\/p>\n<p><span style=\"color: #800000; font-size: 20px;\"><strong>Entretien avec Chakib Wahid, com\u00e9dien, metteur en sc\u00e8ne, formateur sp\u00e9cialiste du th\u00e9\u00e2tre et \u00e9ducation et des matchs d\u2019improvisations<\/strong><\/span><\/p>\n<p><span style=\"color: #ff0000;\">D\u2019origine marocaine, Chakib Wahid est install\u00e9 dans l\u2019Hexagone depuis belle lurette. Il s\u2019y est int\u00e9gr\u00e9 dans la sc\u00e8ne culturelle de la R\u00e9publique. Depuis une quinzaine d\u2019ann\u00e9es, il organise le Festival Sc\u00e8nes d\u2019accueil qui se tiendra \u00e0 partir du 6 mai. Le metteur en sc\u00e8ne en d\u00e9taille la particularit\u00e9 tout en remontant \u00e0 son parcours sans manquer de livrer ses regards sur le th\u00e9\u00e2tre marocain.<\/span><\/p>\n<p><strong>ALM : Vous organisez cette ann\u00e9e le 15\u00e8me Festival Sc\u00e8nes d\u2019accueil en France. Pourriez-vous nous en raconter l\u2019id\u00e9e d\u2019origine ?<\/strong><\/p>\n<p><span style=\"color: #ff0000;\"><strong>Chakib Wahid :<\/strong><\/span> Chaque ann\u00e9e, Bordeaux accueille des enfants \u00e9trangers, qui arrivent en France pour des raisons diverses, pouss\u00e9s par le projet familial ou par des bouleversements g\u00e9opolitiques. Certains suivent le parcours migratoire de leurs parents, d\u2019autres arrivent seuls. Le droit \u00e0 l\u2019instruction \u00e9tant un droit constitutionnel fondamental dans notre pays, ces jeunes non francophones sont soumis \u00e0 l\u2019obligation scolaire. C\u2019est pour ces jeunes que j\u2019ai con\u00e7u le projet Sc\u00e8nes d\u2019accueil pour la 15e ann\u00e9e, qui m\u00eale une triple dimension, artistique, interculturelle et citoyenne.<br \/>\nLes ateliers th\u00e9\u00e2tre, conduits par mes soins, valorisent le patrimoine culturel de ces adolescents migrants, tout en facilitant l\u2019appropriation de la langue et de la culture du pays d\u2019accueil. Ils sont ainsi un outil d\u2019int\u00e9gration et de sociabilisation dans le pays d\u2019accueil.<br \/>\nQu\u2019il s\u2019agisse de Moli\u00e8re ou d\u2019un th\u00e9\u00e2tre plus contemporain, le choix exigeant des pi\u00e8ces conduit ces \u00e9l\u00e8ves \u00e0 se surpasser pour pr\u00e9senter un spectacle ambitieux dans des conditions professionnelles.<br \/>\nPar l\u2019occasion, nous remercions le Th\u00e9\u00e2tre National Bordeaux Aquitaine (TNBA) qui, depuis 2011, accueille ce Festival de th\u00e9\u00e2tre pour \u00e9l\u00e8ves primo-arrivants, unique en son genre.<\/p>\n<p><strong>Quelle en est la particularit\u00e9 ?<\/strong><\/p>\n<p>Le caract\u00e8re novateur de Sc\u00e8nes d\u2019accueil r\u00e9side donc en la combinaison de ces deux volets, notre conviction \u00e9tant que la culture favorise l\u2019\u00e9panouissement personnel et le vivre-ensemble, au m\u00eame titre que la connaissance des valeurs citoyennes.<br \/>\nCe festival est l\u2019occasion de d\u00e9couvrir des initiatives associatives, l\u2019implication de l\u2019\u00e9ducation nationale et l\u2019\u00e9nergie et la motivation de ces jeunes non francophones qui viennent d\u2019arriver dans notre r\u00e9gion et qui au bout de 8 mois sont sur sc\u00e8ne pour pr\u00e9senter des pi\u00e8ces de th\u00e9\u00e2tre devant 500 personnes.<br \/>\nTrois coll\u00e8ges (Edouard Vaillant, L\u00e9onard Lenoir et Gis\u00e8le Halimi) et un lyc\u00e9e (Fran\u00e7ois Magendie) seront mis \u00e0 l\u2019honneur cette ann\u00e9e avec 4 spectacles.<br \/>\nAu total ce sont pr\u00e8s d\u2019une centaine d\u2019\u00e9l\u00e8ves qui participent \u00e0 ce festival. Ils viennent des quatre coins du monde: Ukraine, Russie, Bulgarie, Tch\u00e9tch\u00e9nie, Espagne, Moldavie, S\u00e9n\u00e9gal, Mali, Maroc, Tunisie, Afghanistan, Viet Nam,\u2026<br \/>\nCette 15e \u00e9dition aura lieu le vendredi 6 mai 2022 \u00e0 18h30 au TNBA Place Renaudel \u00e0 Bordeaux.<br \/>\nQuant aux pr\u00e9paratifs du festival Sc\u00e8nes d\u2019accueil, je rencontre les \u00e9l\u00e8ves chaque semaine de janvier \u00e0 mai, avec au total 100 heures de pr\u00e9paratifs, de sensibilisation \u00e0 l\u2019art dramatique, de travail sur le corps, la voix, l\u2019improvisation et sur le jeu de com\u00e9dien.<\/p>\n<p><strong>Comment \u00e9tait votre parcours \u00e0 Bordeaux avant de parvenir \u00e0 vous y int\u00e9grer artistiquement et organiser un festival ?<\/strong><\/p>\n<p>Apr\u00e8s l\u2019obtention de mon dipl\u00f4me de l\u2019ISADAC, j\u2019ai travaill\u00e9 au minist\u00e8re de la culture marocaine. Je suis arriv\u00e9 \u00e0 Bordeaux dans le cadre de la coop\u00e9ration entre le minist\u00e8re de la culture marocaine et l\u2019Etat fran\u00e7ais pour poursuivre mes \u00e9tudes sup\u00e9rieures.<br \/>\nJ\u2019ai fait de belles rencontres artistiques, notamment avec l\u2019ancien directeur du TNBA Jean-Louis Thamin, qui m\u2019a engag\u00e9 comme assistant \u00e0 la mise en sc\u00e8ne.<br \/>\nJ\u2019ai d\u00e9couvert la sc\u00e8ne bordelaise, cela m\u2019a donn\u00e9 confiance en moi pour me lancer moi-m\u00eame. Et tr\u00e8s vite, l\u2019envie de transmettre aux jeunes ma passion du th\u00e9\u00e2tre s\u2019est impos\u00e9e \u00e0 moi. J\u2019ai pu \u00e0 partir de ce moment-l\u00e0 monter tr\u00e8s r\u00e9guli\u00e8rement des projets avec des \u00e9l\u00e8ves du primaire au lyc\u00e9e, avec des \u00e9tudiants mais aussi avec des adultes.<br \/>\nJe suis actuellement le metteur en sc\u00e8ne de la compagnie de l\u2019Incertitude du CNRS (Centre national de la recherche scientifique.) Je suis charg\u00e9 de cours de th\u00e9\u00e2tre \u00e0 l\u2019universit\u00e9 Bordeaux Montaigne et directeur artistique de l\u2019association ALIFS (Association du lien interculturel familial et social).<br \/>\nJe peux dire que le th\u00e9\u00e2tre est un formidable outil d\u2019int\u00e9gration car cela cr\u00e9e un lien fort entre les humains.<\/p>\n<p><strong>Qu\u2019en est-il du regard que vous portez sur l\u2019\u00e9volution du th\u00e9\u00e2tre marocain ?<\/strong><\/p>\n<p>Le th\u00e9\u00e2tre marocain conna\u00eet un nouveau souffle actuellement. Il y a une offre diversifi\u00e9e avec plusieurs formes artistiques qui m\u00ealent th\u00e9\u00e2tre, danse, mime, audiovisuel\u2026 Il s\u2019adapte \u00e0 l\u2019\u00e9volution de la soci\u00e9t\u00e9 et \u00e0 l\u2019ouverture sur le monde. Le th\u00e9\u00e2tre marocain est devenu une vitrine ouverte sur le monde.<br \/>\nD\u2019ailleurs j\u2019ai eu l\u2019occasion d\u2019accompagner et de programmer divers spectacles marocains ces derni\u00e8res ann\u00e9es, en France. Je peux vous dire que tous les spectacles marocains pr\u00e9sent\u00e9s en France ont re\u00e7u un \u00e9norme succ\u00e8s, ce qui cr\u00e9e un brassage culturel entre les Marocains r\u00e9sidant en France et les Fran\u00e7ais.<br \/>\nJ\u2019esp\u00e8re que l\u2019Etat marocain va continuer \u00e0 soutenir cette cr\u00e9ation foisonnante.<\/p>\n<p><strong>Que faites-vous quand vous ne montez pas des spectacles?<\/strong><\/p>\n<p>Quand je ne monte pas de spectacle, ce qui est rare, je donne des formations et je me forme moi aussi. Je lis, je voyage, je vais au th\u00e9\u00e2tre. Je vais \u00e0 la rencontre des cultures gr\u00e2ce \u00e0 la curiosit\u00e9 qui m\u2019anime. Et ma ressource culturelle, je la trouve dans la nature, dans la rencontre avec des artistes de diff\u00e9rents horizons\u2026<\/p>\n<p><strong>Quels sont vos projets ?<\/strong><\/p>\n<p>Je monte actuellement une nouvelle cr\u00e9ation avec la troupe de l\u2019Incertitude du CNRS : Les rustres de Goldoni, avec une tourn\u00e9e \u00e0 l\u2019appui.<br \/>\nJe monte un spectacle sur les 80 ans du CNRS.<br \/>\nJe projette de monter une com\u00e9die musicale avec des scolaires et des habitants et des artistes bordelais d\u00e8s septembre.<br \/>\nJe vais monter une grande rencontre jeunesse avec des matchs d\u2019improvisation th\u00e9\u00e2trale sur la commune d\u2019Artigues pr\u00e8s de Bordeaux.<br \/>\nJe vais monter un Marathon des arts avec diff\u00e9rents \u00e9tablissements scolaires.<br \/>\nJe vais continuer \u00e0 d\u00e9velopper les matchs d\u2019improvisation th\u00e9\u00e2trale en direction des lyc\u00e9ens.<br \/>\nJe serai en r\u00e9sidence artistique en mai \u00e0 Rabat sur l\u2019invitation de l\u2019association Issil, \u00e0 l\u2019initiative de mon ami Sa\u00efd A\u00eft Baaja, responsable de cette association.<br \/>\nEt je suis d\u00e9j\u00e0 dans l\u2019\u00e9nergie de pr\u00e9parer un nouveau festival Sc\u00e8nes d\u2019accueil en 2023.<\/p>\n<\/div>\n<p>Auteur: Salima Guisser<br \/>\n<a href=\"https:\/\/aujourdhui.ma\/culture\/chakib-wahid-le-theatre-marocain-sadapte-a-levolution-de-la-societe-et-a-louverture-sur-le-monde\">Cliquez ici pour lire l&rsquo;article depuis sa source.<\/a><\/p>\n","protected":false},"excerpt":{"rendered":"<p>Entretien avec Chakib Wahid, com\u00e9dien, metteur en sc\u00e8ne, formateur sp\u00e9cialiste du th\u00e9\u00e2tre et \u00e9ducation et des matchs d\u2019improvisations D\u2019origine marocaine, Chakib Wahid est install\u00e9 dans l\u2019Hexagone depuis belle lurette. Il s\u2019y est int\u00e9gr\u00e9 dans la sc\u00e8ne culturelle de la R\u00e9publique. Depuis une quinzaine d\u2019ann\u00e9es, il organise le Festival Sc\u00e8nes d\u2019accueil qui se tiendra \u00e0 partir [&hellip;]<\/p>\n","protected":false},"author":1759,"featured_media":0,"comment_status":"closed","ping_status":"closed","sticky":false,"template":"","format":"standard","meta":{"fifu_image_url":"https:\/\/aujourdhui.ma\/wp-content\/uploads\/2022\/05\/Chakib-Wahid-300x153.jpg","fifu_image_alt":"Chakib Wahid : \u00abLe th\u00e9\u00e2tre marocain s\u2019adapte \u00e0 l\u2019\u00e9volution  de la soci\u00e9t\u00e9 et \u00e0 l\u2019ouverture sur le monde\u00bb","footnotes":""},"categories":[73,54],"tags":[],"class_list":["post-146844","post","type-post","status-publish","format-standard","hentry","category-actualite","category-maroc"],"_links":{"self":[{"href":"https:\/\/linitiative.ca\/International\/wp-json\/wp\/v2\/posts\/146844","targetHints":{"allow":["GET"]}}],"collection":[{"href":"https:\/\/linitiative.ca\/International\/wp-json\/wp\/v2\/posts"}],"about":[{"href":"https:\/\/linitiative.ca\/International\/wp-json\/wp\/v2\/types\/post"}],"author":[{"embeddable":true,"href":"https:\/\/linitiative.ca\/International\/wp-json\/wp\/v2\/users\/1759"}],"replies":[{"embeddable":true,"href":"https:\/\/linitiative.ca\/International\/wp-json\/wp\/v2\/comments?post=146844"}],"version-history":[{"count":0,"href":"https:\/\/linitiative.ca\/International\/wp-json\/wp\/v2\/posts\/146844\/revisions"}],"wp:attachment":[{"href":"https:\/\/linitiative.ca\/International\/wp-json\/wp\/v2\/media?parent=146844"}],"wp:term":[{"taxonomy":"category","embeddable":true,"href":"https:\/\/linitiative.ca\/International\/wp-json\/wp\/v2\/categories?post=146844"},{"taxonomy":"post_tag","embeddable":true,"href":"https:\/\/linitiative.ca\/International\/wp-json\/wp\/v2\/tags?post=146844"}],"curies":[{"name":"wp","href":"https:\/\/api.w.org\/{rel}","templated":true}]}}