{"id":146860,"date":"2022-05-03T03:42:00","date_gmt":"2022-05-03T07:42:00","guid":{"rendered":"https:\/\/linitiative.ca\/International\/la-mise-au-point-de-la-federation-du-maroc-concernant-la-situation-de-vahid-halilhodzic\/"},"modified":"2022-05-03T03:42:00","modified_gmt":"2022-05-03T07:42:00","slug":"la-mise-au-point-de-la-federation-du-maroc-concernant-la-situation-de-vahid-halilhodzic","status":"publish","type":"post","link":"https:\/\/linitiative.ca\/International\/la-mise-au-point-de-la-federation-du-maroc-concernant-la-situation-de-vahid-halilhodzic\/","title":{"rendered":"La mise au point de la f\u00e9d\u00e9ration du Maroc concernant la situation de Vahid Halilhodzic"},"content":{"rendered":"<div>Des rumeurs faisaient \u00e9tat ce lundi du limogeage du coach bosnien&#8230;<\/div>\n<p>Auteur:<br \/>\n<a href=\"https:\/\/www.lebuteur.com\/article\/detail?titre=la-mise-au-point-de-la-federation-du-maroc-concernant-la-situation-de-vahid-halilhodzic&#038;id=102815\">Cliquez ici pour lire l&rsquo;article depuis sa source.<\/a><\/p>\n","protected":false},"excerpt":{"rendered":"<p>Des rumeurs faisaient \u00e9tat ce lundi du limogeage du coach bosnien&#8230; Auteur: Cliquez ici pour lire l&rsquo;article depuis sa source.<\/p>\n","protected":false},"author":1738,"featured_media":0,"comment_status":"closed","ping_status":"closed","sticky":false,"template":"","format":"standard","meta":{"fifu_image_url":"","fifu_image_alt":"","footnotes":""},"categories":[53,75],"tags":[],"class_list":["post-146860","post","type-post","status-publish","format-standard","hentry","category-algerie","category-sport"],"_links":{"self":[{"href":"https:\/\/linitiative.ca\/International\/wp-json\/wp\/v2\/posts\/146860","targetHints":{"allow":["GET"]}}],"collection":[{"href":"https:\/\/linitiative.ca\/International\/wp-json\/wp\/v2\/posts"}],"about":[{"href":"https:\/\/linitiative.ca\/International\/wp-json\/wp\/v2\/types\/post"}],"author":[{"embeddable":true,"href":"https:\/\/linitiative.ca\/International\/wp-json\/wp\/v2\/users\/1738"}],"replies":[{"embeddable":true,"href":"https:\/\/linitiative.ca\/International\/wp-json\/wp\/v2\/comments?post=146860"}],"version-history":[{"count":0,"href":"https:\/\/linitiative.ca\/International\/wp-json\/wp\/v2\/posts\/146860\/revisions"}],"wp:attachment":[{"href":"https:\/\/linitiative.ca\/International\/wp-json\/wp\/v2\/media?parent=146860"}],"wp:term":[{"taxonomy":"category","embeddable":true,"href":"https:\/\/linitiative.ca\/International\/wp-json\/wp\/v2\/categories?post=146860"},{"taxonomy":"post_tag","embeddable":true,"href":"https:\/\/linitiative.ca\/International\/wp-json\/wp\/v2\/tags?post=146860"}],"curies":[{"name":"wp","href":"https:\/\/api.w.org\/{rel}","templated":true}]}}