{"id":146861,"date":"2022-05-03T05:26:00","date_gmt":"2022-05-03T09:26:00","guid":{"rendered":"https:\/\/linitiative.ca\/International\/sporting-slimani-deja-sur-le-depart\/"},"modified":"2022-05-03T05:26:00","modified_gmt":"2022-05-03T09:26:00","slug":"sporting-slimani-deja-sur-le-depart","status":"publish","type":"post","link":"https:\/\/linitiative.ca\/International\/sporting-slimani-deja-sur-le-depart\/","title":{"rendered":"Sporting : Slimani d\u00e9j\u00e0 sur le d\u00e9part ?"},"content":{"rendered":"<div>Suite \u00e0 des d\u00e9buts tonitruants pour son grand retour au Sporting Portugal, Islam Slimani (33 ans) traverse une p\u00e9riode tr\u00e8s difficile dans le club qui l&rsquo;a r\u00e9v\u00e9l\u00e9 en Europe<\/div>\n<p>Auteur:<br \/>\n<a href=\"https:\/\/www.lebuteur.com\/article\/detail?titre=sporting-slimani-deja-sur-le-depart&#038;id=102816\">Cliquez ici pour lire l&rsquo;article depuis sa source.<\/a><\/p>\n","protected":false},"excerpt":{"rendered":"<p>Suite \u00e0 des d\u00e9buts tonitruants pour son grand retour au Sporting Portugal, Islam Slimani (33 ans) traverse une p\u00e9riode tr\u00e8s difficile dans le club qui l&rsquo;a r\u00e9v\u00e9l\u00e9 en Europe Auteur: Cliquez ici pour lire l&rsquo;article depuis sa source.<\/p>\n","protected":false},"author":1738,"featured_media":0,"comment_status":"closed","ping_status":"closed","sticky":false,"template":"","format":"standard","meta":{"fifu_image_url":"","fifu_image_alt":"","footnotes":""},"categories":[53,75],"tags":[],"class_list":["post-146861","post","type-post","status-publish","format-standard","hentry","category-algerie","category-sport"],"_links":{"self":[{"href":"https:\/\/linitiative.ca\/International\/wp-json\/wp\/v2\/posts\/146861","targetHints":{"allow":["GET"]}}],"collection":[{"href":"https:\/\/linitiative.ca\/International\/wp-json\/wp\/v2\/posts"}],"about":[{"href":"https:\/\/linitiative.ca\/International\/wp-json\/wp\/v2\/types\/post"}],"author":[{"embeddable":true,"href":"https:\/\/linitiative.ca\/International\/wp-json\/wp\/v2\/users\/1738"}],"replies":[{"embeddable":true,"href":"https:\/\/linitiative.ca\/International\/wp-json\/wp\/v2\/comments?post=146861"}],"version-history":[{"count":0,"href":"https:\/\/linitiative.ca\/International\/wp-json\/wp\/v2\/posts\/146861\/revisions"}],"wp:attachment":[{"href":"https:\/\/linitiative.ca\/International\/wp-json\/wp\/v2\/media?parent=146861"}],"wp:term":[{"taxonomy":"category","embeddable":true,"href":"https:\/\/linitiative.ca\/International\/wp-json\/wp\/v2\/categories?post=146861"},{"taxonomy":"post_tag","embeddable":true,"href":"https:\/\/linitiative.ca\/International\/wp-json\/wp\/v2\/tags?post=146861"}],"curies":[{"name":"wp","href":"https:\/\/api.w.org\/{rel}","templated":true}]}}