{"id":146868,"date":"2022-05-03T17:11:29","date_gmt":"2022-05-03T21:11:29","guid":{"rendered":"https:\/\/linitiative.ca\/International\/100-jours-de-damiba-une-diplomatie-discrete-mais-efficace\/"},"modified":"2022-05-03T17:11:29","modified_gmt":"2022-05-03T21:11:29","slug":"100-jours-de-damiba-une-diplomatie-discrete-mais-efficace","status":"publish","type":"post","link":"https:\/\/linitiative.ca\/International\/100-jours-de-damiba-une-diplomatie-discrete-mais-efficace\/","title":{"rendered":"100 jours de Damiba : une diplomatie  discr\u00e8te mais efficace"},"content":{"rendered":"<div>\n<p>Dans une ambiance diplomatique tendue entre les pays qui ont vu l\u2019entr\u00e9e des forces de d\u00e9fense et de s\u00e9curit\u00e9 dans la gestion de l\u2019Etat avec l\u2019organisation sous r\u00e9gionale, la Communaut\u00e9 \u00e9conomique des Etats de l\u2019Afrique de l\u2019Ouest (CEDEAO), le pouvoir sait qu\u2019il faut trouver les manettes pour ne pas paraitre un pays soumis. Mais non plus un pays r\u00e9fractaire aux recommandations de la CEDEAO. Sur ce plan, au regard de l\u2019ultimatum du 25 avril \u00ab revu \u00bb de commun accord, les Burkinab\u00e8 peuvent se satisfaire d\u2019une manche de gagn\u00e9 par le gouvernement.<\/p>\n<p>Qui plus est, Ouagadougou un peu \u00ab agac\u00e9 \u00bb par une intrusion en aval alors qu\u2019en amont, les probl\u00e8mes de gouvernance \u00e9taient sus de tous, sort \u00ab timidement \u00bb certes, mais avec v\u00e9h\u00e9mence de sa relative attitude de passivit\u00e9. En la mati\u00e8re les nouvelles autorit\u00e9s savent qu\u2019elles sont compar\u00e9es \u00e0 deux autres transitions, malienne avec un colonel Assimi Go\u00efta en pole position, consid\u00e9r\u00e9 comme le fils du pays qui d\u00e9fie l\u2019autorit\u00e9 occidentale et Mamadou Doumbouya un peu \u00ab laisse guidon \u00bb en Guin\u00e9e.<\/p>\n<p>Le ministre porte-parole du gouvernement, Lionel Bilgo, le r\u00e9affirmait r\u00e9cemment, r\u00e9pondant presqu\u2019en direct \u00e0 la CEDEAO. Alors dans cette occurrence, il faut marcher comme sur des \u0153ufs. Ne pas d\u00e9plaire \u00e0 la CEDEAO, mais aussi ne pas se payer un regard distant de la population. Jusqu\u2019\u00e0 maintenant, la diplomatie semble tenir le bon bout. Le discours courtois induit une compr\u00e9hension des partenaires.<\/p>\n<p>La diplomatie burkinab\u00e8 est aussi engag\u00e9e sur le front des relations bilat\u00e9rales, mais multilat\u00e9rales \u00e9galement avec panache. Le pays est en proie \u00e0 une crise multidimensionnelle, sanitaire, s\u00e9curitaire et humanitaire. La pr\u00e9occupation n\u2019est donc pas dans un d\u00e9lai, mais \u00e0 la fin des menaces. La ministre en charge des affaires \u00e9trang\u00e8res, Olivia Rouamba, a bien demand\u00e9 que les officiels, toutes tendances confondues, viennent faire le terrain pour vivre avec les Burkinab\u00e8 pour comprendre le m\u00e9lodrame d\u2019un peuple r\u00e9silient qui vit dans la douleur, mais dans l\u2019honneur, une situation ubuesque.<\/p>\n<p>Au moment o\u00f9 l\u2019hydre terroriste dans sa mutation est de plus en plus cern\u00e9e par le pouvoir. Ce que les Burkinab\u00e8 veulent, c\u2019est bien une compr\u00e9hension de la strat\u00e9gie que les nouvelles autorit\u00e9s mettent en place et qui peut s\u2019\u00e9courter d\u00e8s que la question s\u00e9curitaire sera sous contr\u00f4le. Une question qui impacte le d\u00e9veloppement du Burkina Faso et qui demande aux amis du pays des Hommes int\u00e8gres de ne pas faire le mauvais diagnostic d\u2019une situation prenante.<\/p>\n<p style=\"text-align: right\"><strong>La R\u00e9daction <\/strong><\/p>\n<p>L\u2019article <a rel=\"nofollow\" href=\"https:\/\/www.sidwaya.info\/blog\/2022\/05\/03\/100-jours-de-damiba-une-diplomatie-discrete-mais-efficace\/\">100 jours de Damiba : une diplomatie  discr\u00e8te mais efficace<\/a> est apparu en premier sur <a rel=\"nofollow\" href=\"https:\/\/www.sidwaya.info\/\">Quotidien Sidwaya<\/a>.<\/p>\n<\/div>\n<p>Auteur: JK. Sidwaya<br \/>\n<a href=\"https:\/\/www.sidwaya.info\/blog\/2022\/05\/03\/100-jours-de-damiba-une-diplomatie-discrete-mais-efficace\/?utm_source=rss&#038;utm_medium=rss&#038;utm_campaign=100-jours-de-damiba-une-diplomatie-discrete-mais-efficace\">Cliquez ici pour lire l&rsquo;article depuis sa source.<\/a><\/p>\n","protected":false},"excerpt":{"rendered":"<p>Dans une ambiance diplomatique tendue entre les pays qui ont vu l\u2019entr\u00e9e des forces de d\u00e9fense et de s\u00e9curit\u00e9 dans la gestion de l\u2019Etat avec l\u2019organisation sous r\u00e9gionale, la Communaut\u00e9 \u00e9conomique des Etats de l\u2019Afrique de l\u2019Ouest (CEDEAO), le pouvoir sait qu\u2019il faut trouver les manettes pour ne pas paraitre un pays soumis. Mais non [&hellip;]<\/p>\n","protected":false},"author":1816,"featured_media":0,"comment_status":"closed","ping_status":"closed","sticky":false,"template":"","format":"standard","meta":{"fifu_image_url":"","fifu_image_alt":"","footnotes":""},"categories":[73,81],"tags":[],"class_list":["post-146868","post","type-post","status-publish","format-standard","hentry","category-actualite","category-burkina-faso"],"_links":{"self":[{"href":"https:\/\/linitiative.ca\/International\/wp-json\/wp\/v2\/posts\/146868","targetHints":{"allow":["GET"]}}],"collection":[{"href":"https:\/\/linitiative.ca\/International\/wp-json\/wp\/v2\/posts"}],"about":[{"href":"https:\/\/linitiative.ca\/International\/wp-json\/wp\/v2\/types\/post"}],"author":[{"embeddable":true,"href":"https:\/\/linitiative.ca\/International\/wp-json\/wp\/v2\/users\/1816"}],"replies":[{"embeddable":true,"href":"https:\/\/linitiative.ca\/International\/wp-json\/wp\/v2\/comments?post=146868"}],"version-history":[{"count":0,"href":"https:\/\/linitiative.ca\/International\/wp-json\/wp\/v2\/posts\/146868\/revisions"}],"wp:attachment":[{"href":"https:\/\/linitiative.ca\/International\/wp-json\/wp\/v2\/media?parent=146868"}],"wp:term":[{"taxonomy":"category","embeddable":true,"href":"https:\/\/linitiative.ca\/International\/wp-json\/wp\/v2\/categories?post=146868"},{"taxonomy":"post_tag","embeddable":true,"href":"https:\/\/linitiative.ca\/International\/wp-json\/wp\/v2\/tags?post=146868"}],"curies":[{"name":"wp","href":"https:\/\/api.w.org\/{rel}","templated":true}]}}