{"id":146869,"date":"2022-05-03T17:15:57","date_gmt":"2022-05-03T21:15:57","guid":{"rendered":"https:\/\/linitiative.ca\/International\/100-jours-de-damiba-une-gouvernance-non-politisee\/"},"modified":"2022-05-03T17:15:57","modified_gmt":"2022-05-03T21:15:57","slug":"100-jours-de-damiba-une-gouvernance-non-politisee","status":"publish","type":"post","link":"https:\/\/linitiative.ca\/International\/100-jours-de-damiba-une-gouvernance-non-politisee\/","title":{"rendered":"100 jours de Damiba : une gouvernance non  politis\u00e9e"},"content":{"rendered":"<div>\n<p>En cent jours, le pr\u00e9sident du Faso, chef de l\u2019Etat le lieutenant-colonel Paul-Henri Sandaogo Damiba est sorti moins de cinq fois pour s\u2019adresser \u00e0 sa population. Il y a bien eu la mise en place des institutions pour baliser le champ d\u2019intervention et se parer d\u2019une l\u00e9gitimit\u00e9 qui passe par la cons\u00e9cration par le Conseil constitutionnel.<\/p>\n<p>Cela a permis de gagner du terrain en maintenant la Constitution du 2 juin 1991 comme br\u00e9viaire et socle de limitation de ce qui peut passer pour des actes ill\u00e9gaux. Le gouvernement tant attendu est venu avec des surprises, des innovations, mais qui concourent toutes \u00e0 la m\u00eame finalit\u00e9. Lib\u00e9rer le pays et l\u2019installer d\u00e9sormais dans la short list des pays qui ne devront plus voir les arm\u00e9es prendre position pour \u00ab soulager \u00bb le peuple des \u00ab \u00e9garements \u00bb des hommes politiques.<\/p>\n<p>Moins de trente ministres, dans un pays o\u00f9 la moyenne g\u00e9n\u00e9rale surfait autour de la trentaine. Avec des innovations majeures. La cr\u00e9ation d\u2019un minist\u00e8re plein pour les Affaires coutumi\u00e8res et religieuses attribu\u00e9 \u00e0 M. Issiaka Sourwema, un intellectuel bon teint, qui, d\u00e9j\u00e0, comme mu par une pr\u00e9monition avait mis en place une structure ( association pour la tol\u00e9rance et le dialogue inter-religieux) dans ce sens.<\/p>\n<p>Le rappel de Y\u00e9ro Boly au poste de ministre d\u2019Etat charg\u00e9 de la R\u00e9conciliation nationale, un vieux de la vieille autour des jeunes qui savent qu\u2019ils jouent leur futur dans ce pr\u00e9sent tumultueux. Le ministre d\u2019Etat Y\u00e9ro Boly, l\u2019un des civils qui a r\u00e9ussi \u00e0 s\u2019imposer dans la \u00ab jungle \u00bb du minist\u00e8re de la D\u00e9fense sous l\u2019\u00e8re Compaor\u00e9.<\/p>\n<p>Y\u00e9ro Boly, homme discret, efficace, sait ce qui l\u2019attend ; recoudre la calebasse de la grande famille burkinab\u00e8 qui, quoi qu\u2019on dise, n\u2019est pas en lambeaux, mais fissur\u00e9e. La mission sera-t-elle possible ? Oui, si la question de la r\u00e9conciliation n\u2019est pas \u00ab politis\u00e9e \u00bb. Si la question n\u2019est pas un tremplin pour d\u00e9rouler des vis\u00e9es. D\u00e9j\u00e0, l\u2019id\u00e9e de dialogue \u00e9mis et qui sous-tend les comit\u00e9s locaux de dialogue est la preuve que le changement de paradigme est en marche.<\/p>\n<p>On ne le dit pas, mais c\u2019est bien la premi\u00e8re fois qu\u2019un cadre issu des affaires \u00e9trang\u00e8res, Olivia Rouamba g\u00e8re la diplomatie. Avec des possibilit\u00e9s de succ\u00e8s, dans la mesure o\u00f9 les \u00ab allog\u00e8nes \u00bb c\u2019est-\u00e0-dire des personnes \u00e9trang\u00e8res au corps n\u2019ont pas toutes \u00e9chou\u00e9 dans leur mission, mais des possibilit\u00e9s aussi de \u00ab b\u00e2tons dans les roues \u00bb dans un Burkina o\u00f9 des fois, les propos qui accompagnent les nominations des \u00ab sp\u00e9cialistes \u00bb dans leur mission c\u2019est bien \u00ab on se connait, on s\u2019est vu ici \u00bb.<\/p>\n<p>Comme pour dire que vous n\u2019avez pas les comp\u00e9tences n\u00e9cessaires pour r\u00e9ussir. Dans ce large champ de la gouvernance, les Burkinab\u00e8 d\u2019une certaine \u00e9poque qui ont connu le Conseil national de la r\u00e9volution (CNR) du capitaine Thomas Sankara semblent se retrouver avec les \u00ab mercredis de la hantise \u00bb des comptes rendus de Conseil des ministres. Le MPSR a bien fait le pari de la bonne gouvernance ; de la restauration et de la refondation. Dans cette logique, le pouvoir refuse de faire du neuf avec du vieux.<\/p>\n<p>Ainsi, depuis peu, les comptes rendus des Conseils des ministres s\u2019accompagnent de nominations au haut niveau. Alors que se peaufine en silence la r\u00e9alisation des audits d\u2019une gestion ant\u00e9rieure pas souvent aux normes de la d\u00e9ontologie des d\u00e9penses. Chasse aux sorci\u00e8res ? Le MPSR a pourtant bien signifi\u00e9 que ce n\u2019est pas son objectif. Et puis, qu\u2019a \u00e0 craindre un non-sorcier dans la chasse aux sorci\u00e8res ?<\/p>\n<p style=\"text-align: right\"><strong>La R\u00e9daction <\/strong><\/p>\n<p>L\u2019article <a rel=\"nofollow\" href=\"https:\/\/www.sidwaya.info\/blog\/2022\/05\/03\/100-jours-de-damiba-une-gouvernance-non-politisee\/\">100 jours de Damiba : une gouvernance non  politis\u00e9e<\/a> est apparu en premier sur <a rel=\"nofollow\" href=\"https:\/\/www.sidwaya.info\/\">Quotidien Sidwaya<\/a>.<\/p>\n<\/div>\n<p>Auteur: JK. Sidwaya<br \/>\n<a href=\"https:\/\/www.sidwaya.info\/blog\/2022\/05\/03\/100-jours-de-damiba-une-gouvernance-non-politisee\/?utm_source=rss&#038;utm_medium=rss&#038;utm_campaign=100-jours-de-damiba-une-gouvernance-non-politisee\">Cliquez ici pour lire l&rsquo;article depuis sa source.<\/a><\/p>\n","protected":false},"excerpt":{"rendered":"<p>En cent jours, le pr\u00e9sident du Faso, chef de l\u2019Etat le lieutenant-colonel Paul-Henri Sandaogo Damiba est sorti moins de cinq fois pour s\u2019adresser \u00e0 sa population. Il y a bien eu la mise en place des institutions pour baliser le champ d\u2019intervention et se parer d\u2019une l\u00e9gitimit\u00e9 qui passe par la cons\u00e9cration par le Conseil [&hellip;]<\/p>\n","protected":false},"author":1816,"featured_media":0,"comment_status":"closed","ping_status":"closed","sticky":false,"template":"","format":"standard","meta":{"fifu_image_url":"","fifu_image_alt":"","footnotes":""},"categories":[73,81],"tags":[],"class_list":["post-146869","post","type-post","status-publish","format-standard","hentry","category-actualite","category-burkina-faso"],"_links":{"self":[{"href":"https:\/\/linitiative.ca\/International\/wp-json\/wp\/v2\/posts\/146869","targetHints":{"allow":["GET"]}}],"collection":[{"href":"https:\/\/linitiative.ca\/International\/wp-json\/wp\/v2\/posts"}],"about":[{"href":"https:\/\/linitiative.ca\/International\/wp-json\/wp\/v2\/types\/post"}],"author":[{"embeddable":true,"href":"https:\/\/linitiative.ca\/International\/wp-json\/wp\/v2\/users\/1816"}],"replies":[{"embeddable":true,"href":"https:\/\/linitiative.ca\/International\/wp-json\/wp\/v2\/comments?post=146869"}],"version-history":[{"count":0,"href":"https:\/\/linitiative.ca\/International\/wp-json\/wp\/v2\/posts\/146869\/revisions"}],"wp:attachment":[{"href":"https:\/\/linitiative.ca\/International\/wp-json\/wp\/v2\/media?parent=146869"}],"wp:term":[{"taxonomy":"category","embeddable":true,"href":"https:\/\/linitiative.ca\/International\/wp-json\/wp\/v2\/categories?post=146869"},{"taxonomy":"post_tag","embeddable":true,"href":"https:\/\/linitiative.ca\/International\/wp-json\/wp\/v2\/tags?post=146869"}],"curies":[{"name":"wp","href":"https:\/\/api.w.org\/{rel}","templated":true}]}}