{"id":146871,"date":"2022-05-03T14:18:03","date_gmt":"2022-05-03T18:18:03","guid":{"rendered":"https:\/\/linitiative.ca\/International\/niger-antonio-gutteres-evoque-les-nombreux-defis-au-sahel\/"},"modified":"2022-05-03T14:18:03","modified_gmt":"2022-05-03T18:18:03","slug":"niger-antonio-gutteres-evoque-les-nombreux-defis-au-sahel","status":"publish","type":"post","link":"https:\/\/linitiative.ca\/International\/niger-antonio-gutteres-evoque-les-nombreux-defis-au-sahel\/","title":{"rendered":"Niger : Ant\u00f3nio Gutteres \u00e9voque les nombreux d\u00e9fis au Sahel"},"content":{"rendered":"<div>\n<p><img decoding=\"async\" width=\"750\" height=\"469\" src=\"https:\/\/linitiative.ca\/International\/wp-content\/uploads\/sites\/23\/2022\/05\/16516018841845.jpg\" class=\"attachment-post-thumbnail size-post-thumbnail wp-post-image\" alt=\"\" loading=\"lazy\" srcset=\"https:\/\/linitiative.ca\/International\/wp-content\/uploads\/sites\/23\/2022\/05\/16516018841845.jpg 750w, https:\/\/www.journalducameroun.com\/wp-content\/uploads\/2022\/05\/16516018841845-300x188.jpg 300w, https:\/\/www.journalducameroun.com\/wp-content\/uploads\/2022\/05\/16516018841845-704x440.jpg 704w, https:\/\/www.journalducameroun.com\/wp-content\/uploads\/2022\/05\/16516018841845-600x375.jpg 600w\" sizes=\"auto, (max-width: 750px) 100vw, 750px\"><\/p>\n<p>Apr\u00e8s Dakar, le secr\u00e9taire g\u00e9n\u00e9ral des Nations unies Ant\u00f3nio Gutteres, est arriv\u00e9 au Niger, un pays du Sahel en proie \u00e0 la menace jihadiste.Lors de cette visite dans ce pays du Sahel, Ant\u00f3nio Gutteres a abord\u00e9 la situation s\u00e9curitaire et humanitaire.<\/p>\n<p>M. Gutteres a eu des rencontres avec les dirigeants nig\u00e9riens, notamment le pr\u00e9sident de la R\u00e9publique Mohamed Bazoum. Les deux dirigeants ont \u00e9voqu\u00e9 la menace jihadiste qui s\u00e9vit dans la r\u00e9gion depuis plus d&rsquo;une d\u00e9cennie. Selon Ant\u00f3nio Gutteres, le \u00ab Sahel est confront\u00e9 \u00e0 des d\u00e9fis le terrorisme, violence, changement climatique, d\u00e9tresse humaine&#8230; \u00bb<\/p>\n<p>\u00ab En regardant la performance remarquable de l&rsquo;arm\u00e9e du Niger, la communaut\u00e9 internationale doit investir \u00e0 fond dans le renforcement des capacit\u00e9s de l&rsquo;arm\u00e9e du Niger \u00bb a-t-il indiqu\u00e9, saluant les efforts militaires d\u00e9ploy\u00e9s par les autorit\u00e9s nig\u00e9riennes au Sahel pour contenir les groupes arm\u00e9s.<\/p>\n<p>Antonio Gutteres appelle ainsi \u00e0 une \u00ab solidarit\u00e9 \u00bb de la communaut\u00e9 internationale afin d&rsquo;aider le Niger a \u00ab investir \u00e0 fond dans le renforcement des capacit\u00e9s de l&rsquo;arm\u00e9e nig\u00e9rienne \u00bb.<\/p>\n<p>Par ailleurs, le secr\u00e9taire g\u00e9n\u00e9ral de l&rsquo;Onu a magnifi\u00e9 la vitalit\u00e9 d\u00e9mocratique du Niger qui a v\u00e9cu sa premi\u00e8re alternance d\u00e9mocratique en f\u00e9vrier 2021 avec l&rsquo;\u00e9lection de Mohamed Bazoum \u00e0 l&rsquo;issue du second tour de la pr\u00e9sidentielle.<\/p>\n<p>Il a soulign\u00e9 que les Nations unies seront aux c\u00f4t\u00e9s du Niger qui \u00ab suscite beaucoup d&rsquo;espoir \u00bb afin d&rsquo;offrir \u00a0\u00ab des perspectives \u00e0 la jeunesse nig\u00e9rienne, y compris aux jeunes filles.\u00a0\u00bb<\/p>\n<p>Cet article <a rel=\"nofollow\" href=\"https:\/\/www.journalducameroun.com\/niger-antonio-gutteres-evoque-les-nombreux-defis-au-sahel\/\">Niger : Ant\u00f3nio Gutteres \u00e9voque les nombreux d\u00e9fis au Sahel<\/a> est apparu en premier sur <a rel=\"nofollow\" href=\"https:\/\/www.journalducameroun.com\/\">Journal du Cameroun<\/a>.<\/p>\n<\/div>\n<p>Auteur: APA News<br \/>\n<a href=\"https:\/\/www.journalducameroun.com\/niger-antonio-gutteres-evoque-les-nombreux-defis-au-sahel\/\">Cliquez ici pour lire l&rsquo;article depuis sa source.<\/a><\/p>\n","protected":false},"excerpt":{"rendered":"<p>Apr\u00e8s Dakar, le secr\u00e9taire g\u00e9n\u00e9ral des Nations unies Ant\u00f3nio Gutteres, est arriv\u00e9 au Niger, un pays du Sahel en proie \u00e0 la menace jihadiste.Lors de cette visite dans ce pays du Sahel, Ant\u00f3nio Gutteres a abord\u00e9 la situation s\u00e9curitaire et humanitaire. M. Gutteres a eu des rencontres avec les dirigeants nig\u00e9riens, notamment le pr\u00e9sident de [&hellip;]<\/p>\n","protected":false},"author":1965,"featured_media":0,"comment_status":"closed","ping_status":"closed","sticky":false,"template":"","format":"standard","meta":{"fifu_image_url":"https:\/\/www.journalducameroun.com\/wp-content\/uploads\/2022\/05\/16516018841845.jpg","fifu_image_alt":"Niger : Ant\u00f3nio Gutteres \u00e9voque les nombreux d\u00e9fis au Sahel","footnotes":""},"categories":[73,82],"tags":[],"class_list":["post-146871","post","type-post","status-publish","format-standard","hentry","category-actualite","category-cameroun"],"_links":{"self":[{"href":"https:\/\/linitiative.ca\/International\/wp-json\/wp\/v2\/posts\/146871","targetHints":{"allow":["GET"]}}],"collection":[{"href":"https:\/\/linitiative.ca\/International\/wp-json\/wp\/v2\/posts"}],"about":[{"href":"https:\/\/linitiative.ca\/International\/wp-json\/wp\/v2\/types\/post"}],"author":[{"embeddable":true,"href":"https:\/\/linitiative.ca\/International\/wp-json\/wp\/v2\/users\/1965"}],"replies":[{"embeddable":true,"href":"https:\/\/linitiative.ca\/International\/wp-json\/wp\/v2\/comments?post=146871"}],"version-history":[{"count":0,"href":"https:\/\/linitiative.ca\/International\/wp-json\/wp\/v2\/posts\/146871\/revisions"}],"wp:attachment":[{"href":"https:\/\/linitiative.ca\/International\/wp-json\/wp\/v2\/media?parent=146871"}],"wp:term":[{"taxonomy":"category","embeddable":true,"href":"https:\/\/linitiative.ca\/International\/wp-json\/wp\/v2\/categories?post=146871"},{"taxonomy":"post_tag","embeddable":true,"href":"https:\/\/linitiative.ca\/International\/wp-json\/wp\/v2\/tags?post=146871"}],"curies":[{"name":"wp","href":"https:\/\/api.w.org\/{rel}","templated":true}]}}