{"id":146873,"date":"2022-05-03T14:18:03","date_gmt":"2022-05-03T18:18:03","guid":{"rendered":"https:\/\/linitiative.ca\/International\/denonciation-des-accords-de-defense-paris-fustige-lattitude-de-bamako\/"},"modified":"2022-05-03T14:18:03","modified_gmt":"2022-05-03T18:18:03","slug":"denonciation-des-accords-de-defense-paris-fustige-lattitude-de-bamako","status":"publish","type":"post","link":"https:\/\/linitiative.ca\/International\/denonciation-des-accords-de-defense-paris-fustige-lattitude-de-bamako\/","title":{"rendered":"D\u00e9nonciation des accords de d\u00e9fense : Paris fustige l\u2019attitude de Bamako"},"content":{"rendered":"<div>\n<p><img decoding=\"async\" width=\"750\" height=\"535\" src=\"https:\/\/linitiative.ca\/International\/wp-content\/uploads\/sites\/23\/2022\/05\/16516018838095.jpg\" class=\"attachment-post-thumbnail size-post-thumbnail wp-post-image\" alt=\"\" loading=\"lazy\" srcset=\"https:\/\/linitiative.ca\/International\/wp-content\/uploads\/sites\/23\/2022\/05\/16516018838095.jpg 750w, https:\/\/www.journalducameroun.com\/wp-content\/uploads\/2022\/05\/16516018838095-300x214.jpg 300w, https:\/\/www.journalducameroun.com\/wp-content\/uploads\/2022\/05\/16516018838095-617x440.jpg 617w, https:\/\/www.journalducameroun.com\/wp-content\/uploads\/2022\/05\/16516018838095-600x428.jpg 600w\" sizes=\"auto, (max-width: 750px) 100vw, 750px\"><\/p>\n<p>La France consid\u00e8re cette d\u00e9cision \u00ab injustifi\u00e9e \u00bb et conteste formellement toute violation du cadre juridique bilat\u00e9ral qui serait imputable \u00e0 la force Barkhane.La guerre des communiqu\u00e9s continue entre Bamako et Paris. Dans une note rendue publique ce mardi, le minist\u00e8re fran\u00e7ais de l&rsquo;Europe et des Affaires \u00e9trang\u00e8res a fustig\u00e9 \u00ab\u00a0la d\u00e9cision unilat\u00e9rale\u00a0\u00bb des autorit\u00e9s de transition maliennes de d\u00e9noncer le trait\u00e9 de coop\u00e9ration en mati\u00e8re de d\u00e9fense liant la France et le Mali ainsi que l&rsquo;accord r\u00e9gissant le statut des forces fran\u00e7aises et celles de ses partenaires europ\u00e9ens impliqu\u00e9s dans la task force Takuba.<\/p>\n<p>\u00ab\u00a0La France poursuivra le retrait en bon ordre de sa pr\u00e9sence militaire au Mali, conform\u00e9ment aux engagements pris \u00e0 l&rsquo;\u00e9gard de ses partenaires et dans un souci de coordination et de dialogue respectueux avec les forces arm\u00e9es maliennes\u00a0\u00bb, \u00e9crit la diplomatie fran\u00e7aise.<\/p>\n<p>Par ailleurs, Paris r\u00e9affirme sa vigilance \u00e0 l&rsquo;\u00e9gard de \u00ab toute tentative de manipulation de l&rsquo;information \u00bb et rappelle sa d\u00e9termination \u00e0 assurer la s\u00e9curit\u00e9 de ses soldats et des soldats europ\u00e9ens engag\u00e9s \u00e0 ses c\u00f4t\u00e9s au cours de cette phase de d\u00e9sengagement.<\/p>\n<p>Cet article <a rel=\"nofollow\" href=\"https:\/\/www.journalducameroun.com\/denonciation-des-accords-de-defense-paris-fustige-lattitude-de-bamako\/\">D\u00e9nonciation des accords de d\u00e9fense : Paris fustige l\u2019attitude de Bamako<\/a> est apparu en premier sur <a rel=\"nofollow\" href=\"https:\/\/www.journalducameroun.com\/\">Journal du Cameroun<\/a>.<\/p>\n<\/div>\n<p>Auteur: APA News<br \/>\n<a href=\"https:\/\/www.journalducameroun.com\/denonciation-des-accords-de-defense-paris-fustige-lattitude-de-bamako\/\">Cliquez ici pour lire l&rsquo;article depuis sa source.<\/a><\/p>\n","protected":false},"excerpt":{"rendered":"<p>La France consid\u00e8re cette d\u00e9cision \u00ab injustifi\u00e9e \u00bb et conteste formellement toute violation du cadre juridique bilat\u00e9ral qui serait imputable \u00e0 la force Barkhane.La guerre des communiqu\u00e9s continue entre Bamako et Paris. Dans une note rendue publique ce mardi, le minist\u00e8re fran\u00e7ais de l&rsquo;Europe et des Affaires \u00e9trang\u00e8res a fustig\u00e9 \u00ab\u00a0la d\u00e9cision unilat\u00e9rale\u00a0\u00bb des autorit\u00e9s [&hellip;]<\/p>\n","protected":false},"author":1965,"featured_media":0,"comment_status":"closed","ping_status":"closed","sticky":false,"template":"","format":"standard","meta":{"fifu_image_url":"https:\/\/www.journalducameroun.com\/wp-content\/uploads\/2022\/05\/16516018838095.jpg","fifu_image_alt":"D\u00e9nonciation des accords de d\u00e9fense : Paris fustige l\u2019attitude de Bamako","footnotes":""},"categories":[73,82],"tags":[],"class_list":["post-146873","post","type-post","status-publish","format-standard","hentry","category-actualite","category-cameroun"],"_links":{"self":[{"href":"https:\/\/linitiative.ca\/International\/wp-json\/wp\/v2\/posts\/146873","targetHints":{"allow":["GET"]}}],"collection":[{"href":"https:\/\/linitiative.ca\/International\/wp-json\/wp\/v2\/posts"}],"about":[{"href":"https:\/\/linitiative.ca\/International\/wp-json\/wp\/v2\/types\/post"}],"author":[{"embeddable":true,"href":"https:\/\/linitiative.ca\/International\/wp-json\/wp\/v2\/users\/1965"}],"replies":[{"embeddable":true,"href":"https:\/\/linitiative.ca\/International\/wp-json\/wp\/v2\/comments?post=146873"}],"version-history":[{"count":0,"href":"https:\/\/linitiative.ca\/International\/wp-json\/wp\/v2\/posts\/146873\/revisions"}],"wp:attachment":[{"href":"https:\/\/linitiative.ca\/International\/wp-json\/wp\/v2\/media?parent=146873"}],"wp:term":[{"taxonomy":"category","embeddable":true,"href":"https:\/\/linitiative.ca\/International\/wp-json\/wp\/v2\/categories?post=146873"},{"taxonomy":"post_tag","embeddable":true,"href":"https:\/\/linitiative.ca\/International\/wp-json\/wp\/v2\/tags?post=146873"}],"curies":[{"name":"wp","href":"https:\/\/api.w.org\/{rel}","templated":true}]}}