{"id":146875,"date":"2022-05-03T14:18:04","date_gmt":"2022-05-03T18:18:04","guid":{"rendered":"https:\/\/linitiative.ca\/International\/quels-sont-ces-accords-militaires-avec-la-france-denonces-par-bamako\/"},"modified":"2022-05-03T14:18:04","modified_gmt":"2022-05-03T18:18:04","slug":"quels-sont-ces-accords-militaires-avec-la-france-denonces-par-bamako","status":"publish","type":"post","link":"https:\/\/linitiative.ca\/International\/quels-sont-ces-accords-militaires-avec-la-france-denonces-par-bamako\/","title":{"rendered":"Quels sont ces accords militaires avec la France d\u00e9nonc\u00e9s par Bamako?"},"content":{"rendered":"<div>\n<p><img decoding=\"async\" width=\"577\" height=\"536\" src=\"https:\/\/linitiative.ca\/International\/wp-content\/uploads\/sites\/23\/2022\/05\/16516018844803.jpg\" class=\"attachment-post-thumbnail size-post-thumbnail wp-post-image\" alt=\"\" loading=\"lazy\" srcset=\"https:\/\/linitiative.ca\/International\/wp-content\/uploads\/sites\/23\/2022\/05\/16516018844803.jpg 577w, https:\/\/www.journalducameroun.com\/wp-content\/uploads\/2022\/05\/16516018844803-300x279.jpg 300w, https:\/\/www.journalducameroun.com\/wp-content\/uploads\/2022\/05\/16516018844803-474x440.jpg 474w\" sizes=\"auto, (max-width: 577px) 100vw, 577px\"><\/p>\n<p>Julien Antouly est doctorant en droit international au Centre de droit international de Nanterre (France). Pour Apa news, il d\u00e9crypte le contenu des accords de d\u00e9fense franco-maliens que Bamako a d\u00e9nonc\u00e9 lundi soir.Quelle \u00e9tait la nature des accords de d\u00e9fense entre la France et le Mali que les autorit\u00e9s de Bamako viennent de d\u00e9noncer de mani\u00e8re unilat\u00e9rale lundi 2 mai?<\/p>\n<p>Le Mali et la France \u00e9taient li\u00e9s par trois accords militaires. Le premier, est un Status of Force Agreements, ou SOFA. Il encadrait le d\u00e9ploiement de la force militaire fran\u00e7aise Serval qui \u00e9tait intervenue pour chasser les djihadistes du nord du Mali en 2013, puis l&rsquo;op\u00e9ration Barkhane qui a pris le relais \u00e0 partir de 2014. Le second est un trait\u00e9 de coop\u00e9ration en mati\u00e8re de d\u00e9fense sign\u00e9 en 2014, portant sur la coop\u00e9ration structurelle et g\u00e9n\u00e9rale comme la formation et les dotations en \u00e9quipements, notamment. Enfin, un protocole additionnel au SOFA de 2013, conclu en 2020, pour \u00e9tendre les conditions de ce SOFA aux contingents \u00e9trangers de Takuba, la task-force form\u00e9e par des unit\u00e9s des forces sp\u00e9ciales de pays europ\u00e9ens\u00a0cr\u00e9\u00e9e\u00a0en mars 2020 \u00e0 l&rsquo;initiative de la France.<\/p>\n<p>Pourquoi les Maliens d\u00e9noncent aujourd&rsquo;hui ces accords alors, qu&rsquo;officiellement, c&rsquo;est Bamako qui avait sollicit\u00e9 l&rsquo;arriv\u00e9e\u00a0des militaires fran\u00e7ais sur son territoire ?<\/p>\n<p>L&rsquo;intervention militaire fran\u00e7aise au Mali lanc\u00e9e \u00e0 partir de janvier 2013 \u00e9tait \u00e0 la demande des autorit\u00e9s maliennes. Les maliens d\u00e9noncent aujourd&rsquo;hui ces accords qu&rsquo;ils les consid\u00e8rent d\u00e9sormais comme contraires \u00e0 leur souverainet\u00e9, tout en accusant la France de violation de leur espace a\u00e9rien.<\/p>\n<p>Concr\u00e8tement, quelles pourraient \u00eatre les cons\u00e9quences imm\u00e9diates de la d\u00e9cision malienne sur le retrait en cours de l&rsquo;op\u00e9ration militaire fran\u00e7aise Barkhane du Mali ?<\/p>\n<p>Les cons\u00e9quences imm\u00e9diates pourraient \u00eatre de complexifier le retrait fran\u00e7ais: le SOFA pr\u00e9voit des facilit\u00e9s de visa pour les soldats, de douanes pour l&rsquo;entr\u00e9e et la sortie de mat\u00e9riel et surtout la libre circulation des militaires fran\u00e7ais et de leurs appareils sur le territoire et dans l&rsquo;espace a\u00e9rien maliens. La d\u00e9nonciation du SOFA par le Mali pourrait remettre en question ces avantages.<\/p>\n<p>Quel impact pourrait avoir cette d\u00e9cision sur la pr\u00e9sence militaire fran\u00e7aise dans le reste des pays africains ?<\/p>\n<p>Ces brouilles diplomatiques autour des accords de d\u00e9fense entre Bamako et Paris, entam\u00e9es d\u00e8s d\u00e9cembre 2021, ont contribu\u00e9 \u00e0 m\u00e9diatiser le contenu de ces accords, habituellement r\u00e9serv\u00e9s \u00e0 un cercle tr\u00e8s restreint de diplomates, d&rsquo;officiers d&rsquo;\u00e9tat-major ou de chercheurs.<\/p>\n<p>Le fait que le gouvernement nig\u00e9rien ait souhait\u00e9 soumettre \u00a0au vote des d\u00e9put\u00e9s, le 22 avril dernier, la venue sur son territoire de nouvelles forces fran\u00e7aises et europ\u00e9ennes peut \u00eatre per\u00e7u comme un premier impact de cette f\u00e2cherie franco-malienne autour de la pr\u00e9sence militaire fran\u00e7aise au Mali. D\u00e9sormais, il est fort probable que ce genre d&rsquo;accords qui, habituellement ne fait pas l&rsquo;objet de d\u00e9bats publics, y compris en France, soit syst\u00e9matiquement soumis \u00e0 l&rsquo;appr\u00e9ciation des opinions comme on l&rsquo;a vu au Niger. Dans ce pays la soci\u00e9t\u00e9 civile s&rsquo;est fortement mobilis\u00e9e pour que l&rsquo;arriv\u00e9e de troupes fran\u00e7aise envisag\u00e9e par le gouvernement soit discut\u00e9e au parlement.<\/p>\n<p>Cet article <a rel=\"nofollow\" href=\"https:\/\/www.journalducameroun.com\/quels-sont-ces-accords-militaires-avec-la-france-denonces-par-bamako\/\">Quels sont ces accords militaires avec la France d\u00e9nonc\u00e9s par Bamako?<\/a> est apparu en premier sur <a rel=\"nofollow\" href=\"https:\/\/www.journalducameroun.com\/\">Journal du Cameroun<\/a>.<\/p>\n<\/div>\n<p>Auteur: APA News<br \/>\n<a href=\"https:\/\/www.journalducameroun.com\/quels-sont-ces-accords-militaires-avec-la-france-denonces-par-bamako\/\">Cliquez ici pour lire l&rsquo;article depuis sa source.<\/a><\/p>\n","protected":false},"excerpt":{"rendered":"<p>Julien Antouly est doctorant en droit international au Centre de droit international de Nanterre (France). Pour Apa news, il d\u00e9crypte le contenu des accords de d\u00e9fense franco-maliens que Bamako a d\u00e9nonc\u00e9 lundi soir.Quelle \u00e9tait la nature des accords de d\u00e9fense entre la France et le Mali que les autorit\u00e9s de Bamako viennent de d\u00e9noncer de [&hellip;]<\/p>\n","protected":false},"author":1965,"featured_media":0,"comment_status":"closed","ping_status":"closed","sticky":false,"template":"","format":"standard","meta":{"fifu_image_url":"https:\/\/www.journalducameroun.com\/wp-content\/uploads\/2022\/05\/16516018844803.jpg","fifu_image_alt":"Quels sont ces accords militaires avec la France d\u00e9nonc\u00e9s par Bamako?","footnotes":""},"categories":[73,82],"tags":[],"class_list":["post-146875","post","type-post","status-publish","format-standard","hentry","category-actualite","category-cameroun"],"_links":{"self":[{"href":"https:\/\/linitiative.ca\/International\/wp-json\/wp\/v2\/posts\/146875","targetHints":{"allow":["GET"]}}],"collection":[{"href":"https:\/\/linitiative.ca\/International\/wp-json\/wp\/v2\/posts"}],"about":[{"href":"https:\/\/linitiative.ca\/International\/wp-json\/wp\/v2\/types\/post"}],"author":[{"embeddable":true,"href":"https:\/\/linitiative.ca\/International\/wp-json\/wp\/v2\/users\/1965"}],"replies":[{"embeddable":true,"href":"https:\/\/linitiative.ca\/International\/wp-json\/wp\/v2\/comments?post=146875"}],"version-history":[{"count":0,"href":"https:\/\/linitiative.ca\/International\/wp-json\/wp\/v2\/posts\/146875\/revisions"}],"wp:attachment":[{"href":"https:\/\/linitiative.ca\/International\/wp-json\/wp\/v2\/media?parent=146875"}],"wp:term":[{"taxonomy":"category","embeddable":true,"href":"https:\/\/linitiative.ca\/International\/wp-json\/wp\/v2\/categories?post=146875"},{"taxonomy":"post_tag","embeddable":true,"href":"https:\/\/linitiative.ca\/International\/wp-json\/wp\/v2\/tags?post=146875"}],"curies":[{"name":"wp","href":"https:\/\/api.w.org\/{rel}","templated":true}]}}